
 







{"id":859,"date":"2022-03-02T08:03:00","date_gmt":"2022-03-02T06:03:00","guid":{"rendered":"https:\/\/blogs.amb.cat\/alimentaciometropolitana\/?p=859"},"modified":"2022-04-01T08:49:48","modified_gmt":"2022-04-01T06:49:48","slug":"artistes-amb-tractor-itinerara-per-larea-metropolitana-durant-aquest-any","status":"publish","type":"post","link":"https:\/\/blogs.amb.cat\/alimentaciometropolitana\/2022\/03\/02\/artistes-amb-tractor-itinerara-per-larea-metropolitana-durant-aquest-any\/","title":{"rendered":"\u201cArtistes amb tractor\u201d itinerar\u00e0 per l\u2019\u00e0rea metropolitana durant aquest any"},"content":{"rendered":"\n<p class=\"has-medium-font-size\">L\u2019exposici\u00f3 posa en valor la pagesia<\/p>\n\n\n\n<p>La bona acollida de l\u2019exposici\u00f3 fotogr\u00e0fica <a rel=\"noreferrer noopener\" href=\"https:\/\/blogs.amb.cat\/alimentaciometropolitana\/2021\/06\/02\/lexposicio-artistes-amb-tractor-arriba-a-sant-miquel-de-campmajor-i-rotara-per-una-trentena-de-micropobles\/\" target=\"_blank\">\u201cArtistes amb tractor\u201d<\/a>, que durant el 2021 va rec\u00f3rrer micropobles de Catalunya i continua fent-ho (ara mateix \u00e9s a Riner, Lleida), ha provocat que se n\u2019hagi fet una c\u00f2pia que enguany visitar\u00e0 els municipis metropolitans. Actualment es pot veure a l\u2019Escola d&#8217;Enginyeria Agroaliment\u00e0ria i de Biosistemes de Barcelona, de la Universitat Polit\u00e8cnica de Catalunya, a Castelldefels.<\/p>\n\n\n\n<p>La mostra \u00e9s un projecte de la fot\u00f2grafa Sara Bold\u00fa, que ret homenatge a la pagesia i al m\u00f3n rural. S\u00f3n fotografies a\u00e8ries que ressalten la bellesa del sector primari per posar-lo en valor. L\u2019exposici\u00f3 ha estat possible gr\u00e0cies a la col\u00b7laboraci\u00f3 de l\u2019\u00c0rea Metropolitana de Barcelona (AMB) amb l\u2019Associaci\u00f3 Catalana de Micropobles i les quatre diputacions catalanes.<\/p>\n\n\n\n<p>Durant l&#8217;abril i el maig l\u2019exhibici\u00f3 es podr\u00e0 veure a Can Coll, Centre d&#8217;Educaci\u00f3 Ambiental del Consorci del Parc Natural de la Serra de Collserola, i del 23 de maig al 7 de juny a Santa Coloma de Cervell\u00f3, coincidint amb la Festa de la Cirera i l&#8217;Agricultura.<\/p>\n\n\n\n<p>Les itiner\u00e0ncies metropolitanes de l\u2019exposici\u00f3 per a la resta d\u2019any s\u2019estan acabant de tancar, de manera que les entitats o institucions interessades a acollir-la poden demanar-ho escrivint un correu electr\u00f2nic a <strong>dbalbas@amb.cat<\/strong> per concretar disponibilitat i tenir m\u00e9s informaci\u00f3.<\/p>\n","protected":false},"excerpt":{"rendered":"<p>L\u2019exposici\u00f3 posa en valor la pagesia La bona acollida de l\u2019exposici\u00f3 fotogr\u00e0fica \u201cArtistes amb tractor\u201d, que durant el 2021 va rec\u00f3rrer micropobles de Catalunya i continua fent-ho (ara mateix \u00e9s a Riner, Lleida), ha provocat que se n\u2019hagi fet una c\u00f2pia que enguany visitar\u00e0 els municipis metropolitans. Actualment es pot veure a l\u2019Escola d&#8217;Enginyeria Agroaliment\u00e0ria [&hellip;]<\/p>\n","protected":false},"author":38,"featured_media":116,"comment_status":"closed","ping_status":"open","sticky":false,"template":"","format":"standard","meta":{"_oasis_is_in_workflow":0,"_oasis_original":0,"ngg_post_thumbnail":0},"categories":[1],"tags":[13,53,7],"_links":{"self":[{"href":"https:\/\/blogs.amb.cat\/alimentaciometropolitana\/wp-json\/wp\/v2\/posts\/859"}],"collection":[{"href":"https:\/\/blogs.amb.cat\/alimentaciometropolitana\/wp-json\/wp\/v2\/posts"}],"about":[{"href":"https:\/\/blogs.amb.cat\/alimentaciometropolitana\/wp-json\/wp\/v2\/types\/post"}],"author":[{"embeddable":true,"href":"https:\/\/blogs.amb.cat\/alimentaciometropolitana\/wp-json\/wp\/v2\/users\/38"}],"replies":[{"embeddable":true,"href":"https:\/\/blogs.amb.cat\/alimentaciometropolitana\/wp-json\/wp\/v2\/comments?post=859"}],"version-history":[{"count":4,"href":"https:\/\/blogs.amb.cat\/alimentaciometropolitana\/wp-json\/wp\/v2\/posts\/859\/revisions"}],"predecessor-version":[{"id":942,"href":"https:\/\/blogs.amb.cat\/alimentaciometropolitana\/wp-json\/wp\/v2\/posts\/859\/revisions\/942"}],"wp:featuredmedia":[{"embeddable":true,"href":"https:\/\/blogs.amb.cat\/alimentaciometropolitana\/wp-json\/wp\/v2\/media\/116"}],"wp:attachment":[{"href":"https:\/\/blogs.amb.cat\/alimentaciometropolitana\/wp-json\/wp\/v2\/media?parent=859"}],"wp:term":[{"taxonomy":"category","embeddable":true,"href":"https:\/\/blogs.amb.cat\/alimentaciometropolitana\/wp-json\/wp\/v2\/categories?post=859"},{"taxonomy":"post_tag","embeddable":true,"href":"https:\/\/blogs.amb.cat\/alimentaciometropolitana\/wp-json\/wp\/v2\/tags?post=859"}],"curies":[{"name":"wp","href":"https:\/\/api.w.org\/{rel}","templated":true}]}}