
 







{"id":870,"date":"2022-03-18T08:08:00","date_gmt":"2022-03-18T06:08:00","guid":{"rendered":"https:\/\/blogs.amb.cat\/alimentaciometropolitana\/?p=870"},"modified":"2025-03-18T10:31:49","modified_gmt":"2025-03-18T08:31:49","slug":"formacio-en-agricultura-urbana-i-periurbana-per-a-tecnics-i-carrecs-electes-de-les-administracions-locals","status":"publish","type":"post","link":"https:\/\/blogs.amb.cat\/alimentaciometropolitana\/2022\/03\/18\/formacio-en-agricultura-urbana-i-periurbana-per-a-tecnics-i-carrecs-electes-de-les-administracions-locals\/","title":{"rendered":"Formaci\u00f3 en agricultura urbana i periurbana per a t\u00e8cnics i c\u00e0rrecs electes de les administracions locals"},"content":{"rendered":"\n<p class=\"has-medium-font-size\">S\u00f3n cinc m\u00f2duls d\u2019acc\u00e9s gratu\u00eft i en l\u00ednia<\/p>\n\n\n\n<p>Formar i sensibilitzar c\u00e0rrecs p\u00fablics d\u2019administracions locals en agricultura urbana i periurbana. Aquest \u00e9s l\u2019objectiu de part del <a href=\"https:\/\/agenciaeconomica.amb.cat\/economies-locals-emergents\/sesame\">projecte SESAME<\/a>, finan\u00e7at pel programa europeu Erasmus+, en el qual participa l\u2019\u00c0rea Metropolitana de Barcelona (AMB).<\/p>\n\n\n\n<p>A trav\u00e9s de cinc m\u00f2duls en l\u00ednia i d\u2019acc\u00e9s gratu\u00eft, els interessats rebran una introducci\u00f3 a l\u2019agricultura urbana i periurbana mitjan\u00e7ant exemples locals. Cada m\u00f2dul consta d\u2019un v\u00eddeo d\u2019uns cinc minuts, un document d\u2019aprofundiment i un test d\u2019autoavaluaci\u00f3 que els usuaris poden seguir al seu ritme. Els objectius professionals d\u2019aquest microcurs s\u00f3n els seg\u00fcents:<br>\u2022 identificar els diferents tipus d&#8217;agricultura urbana i periurbana, beneficis i serveis ecosist\u00e8mics, obstacles i l\u00edmits<br>\u2022 con\u00e8ixer les palanques d&#8217;acci\u00f3 i les bones pr\u00e0ctiques d&#8217;aqu\u00ed i d&#8217;altres llocs<br>\u2022 facilitar l&#8217;adquisici\u00f3 de coneixements sobre agricultura urbana i periurbana<br>\u2022 fomentar el treball transversal dins de la comunitat<\/p>\n\n\n\n<p>\u00c9s una formaci\u00f3 introduct\u00f2ria que s\u2019ha provat en t\u00e8cnics, agents i c\u00e0rrecs electes de Barcelona, Bolonya (It\u00e0lia) i Marsella (Fran\u00e7a) abans de generalitzar-ne l\u2019acc\u00e9s.<\/p>\n\n\n\n<p>Podeu iniciar el curs <a href=\"https:\/\/agenciaeconomica.amb.cat\/economies-locals-emergents\/sesame\">aqu\u00ed<\/a>.<\/p>\n","protected":false},"excerpt":{"rendered":"<p>S\u00f3n cinc m\u00f2duls d\u2019acc\u00e9s gratu\u00eft i en l\u00ednia Formar i sensibilitzar c\u00e0rrecs p\u00fablics d\u2019administracions locals en agricultura urbana i periurbana. Aquest \u00e9s l\u2019objectiu de part del projecte SESAME, finan\u00e7at pel programa europeu Erasmus+, en el qual participa l\u2019\u00c0rea Metropolitana de Barcelona (AMB). A trav\u00e9s de cinc m\u00f2duls en l\u00ednia i d\u2019acc\u00e9s gratu\u00eft, els interessats rebran [&hellip;]<\/p>\n","protected":false},"author":38,"featured_media":880,"comment_status":"closed","ping_status":"open","sticky":false,"template":"","format":"standard","meta":{"_oasis_is_in_workflow":0,"_oasis_original":0,"ngg_post_thumbnail":0},"categories":[1,183],"tags":[34,110],"_links":{"self":[{"href":"https:\/\/blogs.amb.cat\/alimentaciometropolitana\/wp-json\/wp\/v2\/posts\/870"}],"collection":[{"href":"https:\/\/blogs.amb.cat\/alimentaciometropolitana\/wp-json\/wp\/v2\/posts"}],"about":[{"href":"https:\/\/blogs.amb.cat\/alimentaciometropolitana\/wp-json\/wp\/v2\/types\/post"}],"author":[{"embeddable":true,"href":"https:\/\/blogs.amb.cat\/alimentaciometropolitana\/wp-json\/wp\/v2\/users\/38"}],"replies":[{"embeddable":true,"href":"https:\/\/blogs.amb.cat\/alimentaciometropolitana\/wp-json\/wp\/v2\/comments?post=870"}],"version-history":[{"count":2,"href":"https:\/\/blogs.amb.cat\/alimentaciometropolitana\/wp-json\/wp\/v2\/posts\/870\/revisions"}],"predecessor-version":[{"id":946,"href":"https:\/\/blogs.amb.cat\/alimentaciometropolitana\/wp-json\/wp\/v2\/posts\/870\/revisions\/946"}],"wp:featuredmedia":[{"embeddable":true,"href":"https:\/\/blogs.amb.cat\/alimentaciometropolitana\/wp-json\/wp\/v2\/media\/880"}],"wp:attachment":[{"href":"https:\/\/blogs.amb.cat\/alimentaciometropolitana\/wp-json\/wp\/v2\/media?parent=870"}],"wp:term":[{"taxonomy":"category","embeddable":true,"href":"https:\/\/blogs.amb.cat\/alimentaciometropolitana\/wp-json\/wp\/v2\/categories?post=870"},{"taxonomy":"post_tag","embeddable":true,"href":"https:\/\/blogs.amb.cat\/alimentaciometropolitana\/wp-json\/wp\/v2\/tags?post=870"}],"curies":[{"name":"wp","href":"https:\/\/api.w.org\/{rel}","templated":true}]}}