
 







{"id":887,"date":"2022-03-21T08:00:00","date_gmt":"2022-03-21T06:00:00","guid":{"rendered":"https:\/\/blogs.amb.cat\/alimentaciometropolitana\/?p=887"},"modified":"2025-03-18T10:31:05","modified_gmt":"2025-03-18T08:31:05","slug":"una-agrohackato-per-transformar-el-model-alimentari-de-barcelona","status":"publish","type":"post","link":"https:\/\/blogs.amb.cat\/alimentaciometropolitana\/2022\/03\/21\/una-agrohackato-per-transformar-el-model-alimentari-de-barcelona\/","title":{"rendered":"Una \u2018agrohackat\u00f3\u2019 per transformar el model alimentari de Barcelona"},"content":{"rendered":"\n<p class=\"has-medium-font-size\">Idees per impulsar la transici\u00f3 agroecol\u00f2gica a la ciutat<\/p>\n\n\n\n<p>Buscar respostes innovadores a reptes complexos. Aquest \u00e9s l\u2019objectiu de les <em>hackathons<\/em>, trobades en qu\u00e8 desenvolupadors i experts en una \u00e0rea concreta sumen esfor\u00e7os i coneixements durant mig dia o un dia sencer per oferir solucions a un tema proposat. I aquesta ha estat l\u2019acci\u00f3 escollida per l\u2019<a href=\"https:\/\/www.alimentaciosostenible.barcelona\/ca\/cuidem-el-planeta\/agropolis\" target=\"_blank\" rel=\"noreferrer noopener\">Agropolis<\/a> barcelon\u00ed per impulsar la transici\u00f3 agroecol\u00f2gica a la ciutat.<\/p>\n\n\n\n<p>Dimecres 30 de mar\u00e7, de 9.30h a 13h a Torre Jussana organitzacions vinculades al m\u00f3n de l\u2019agroecologia i la sobirania aliment\u00e0ria, adherides o no a l\u2019espai Agr\u00f2polis, sumaran esfor\u00e7os i enginy per crear projectes innovadors i transformadors a trav\u00e9s de cinc reptes, escollits entre els sorgits del proc\u00e9s d\u2019elaboraci\u00f3 de l\u2019Estrat\u00e8gia d\u2019alimentaci\u00f3 sostenible Barcelona 2030. S\u00f3n els seg\u00fcents:<\/p>\n\n\n\n<p>\u2022 incrementar la producci\u00f3 i venda d\u2019aliments de proximitat i agroecol\u00f2gics i la distribuci\u00f3 en circuits curts<br>\u2022 protegir i recuperar espais productius urbans i periurbans<br>\u2022 crear entorns alimentaris sostenibles i saludables<br>\u2022 promoure un canvi cultural alimentari<br>\u2022 equilibrar el poder dins de la cadena aliment\u00e0ria i fomentar relacions justes<\/p>\n\n\n\n<p>La sessi\u00f3 constar\u00e0 de dues parts: una primera en qu\u00e8 Terra Pagesa, Cobertes Verdes, Rutes Compartides i el Gran Dinar compartiran amb les persones assistents la seva experi\u00e8ncia, i una segona en qu\u00e8 es desenvoluparan altres experi\u00e8ncies inspiradores i din\u00e0miques de treball noves per poder crear conjuntament projectes que donin resposta als reptes alimentaris que t\u00e9 Barcelona.<\/p>\n\n\n\n<p>Per a participar-hi cal inscriure\u2019s abans, <a href=\"https:\/\/inscripcions-ajuntament.barcelona.cat\/index.php\/493436\" target=\"_blank\" rel=\"noreferrer noopener\">aqu\u00ed<\/a>.<\/p>\n","protected":false},"excerpt":{"rendered":"<p>Idees per impulsar la transici\u00f3 agroecol\u00f2gica a la ciutat Buscar respostes innovadores a reptes complexos. Aquest \u00e9s l\u2019objectiu de les hackathons, trobades en qu\u00e8 desenvolupadors i experts en una \u00e0rea concreta sumen esfor\u00e7os i coneixements durant mig dia o un dia sencer per oferir solucions a un tema proposat. I aquesta ha estat l\u2019acci\u00f3 escollida [&hellip;]<\/p>\n","protected":false},"author":38,"featured_media":888,"comment_status":"closed","ping_status":"open","sticky":false,"template":"","format":"standard","meta":{"_oasis_is_in_workflow":0,"_oasis_original":0,"ngg_post_thumbnail":0},"categories":[1,184],"tags":[16,162,10,161],"_links":{"self":[{"href":"https:\/\/blogs.amb.cat\/alimentaciometropolitana\/wp-json\/wp\/v2\/posts\/887"}],"collection":[{"href":"https:\/\/blogs.amb.cat\/alimentaciometropolitana\/wp-json\/wp\/v2\/posts"}],"about":[{"href":"https:\/\/blogs.amb.cat\/alimentaciometropolitana\/wp-json\/wp\/v2\/types\/post"}],"author":[{"embeddable":true,"href":"https:\/\/blogs.amb.cat\/alimentaciometropolitana\/wp-json\/wp\/v2\/users\/38"}],"replies":[{"embeddable":true,"href":"https:\/\/blogs.amb.cat\/alimentaciometropolitana\/wp-json\/wp\/v2\/comments?post=887"}],"version-history":[{"count":1,"href":"https:\/\/blogs.amb.cat\/alimentaciometropolitana\/wp-json\/wp\/v2\/posts\/887\/revisions"}],"predecessor-version":[{"id":889,"href":"https:\/\/blogs.amb.cat\/alimentaciometropolitana\/wp-json\/wp\/v2\/posts\/887\/revisions\/889"}],"wp:featuredmedia":[{"embeddable":true,"href":"https:\/\/blogs.amb.cat\/alimentaciometropolitana\/wp-json\/wp\/v2\/media\/888"}],"wp:attachment":[{"href":"https:\/\/blogs.amb.cat\/alimentaciometropolitana\/wp-json\/wp\/v2\/media?parent=887"}],"wp:term":[{"taxonomy":"category","embeddable":true,"href":"https:\/\/blogs.amb.cat\/alimentaciometropolitana\/wp-json\/wp\/v2\/categories?post=887"},{"taxonomy":"post_tag","embeddable":true,"href":"https:\/\/blogs.amb.cat\/alimentaciometropolitana\/wp-json\/wp\/v2\/tags?post=887"}],"curies":[{"name":"wp","href":"https:\/\/api.w.org\/{rel}","templated":true}]}}