
 







{"id":890,"date":"2022-03-22T08:00:00","date_gmt":"2022-03-22T06:00:00","guid":{"rendered":"https:\/\/blogs.amb.cat\/alimentaciometropolitana\/?p=890"},"modified":"2025-03-18T10:29:26","modified_gmt":"2025-03-18T08:29:26","slug":"lalimentacio-sostenible-a-les-jornades-react-2022","status":"publish","type":"post","link":"https:\/\/blogs.amb.cat\/alimentaciometropolitana\/2022\/03\/22\/lalimentacio-sostenible-a-les-jornades-react-2022\/","title":{"rendered":"L\u2019alimentaci\u00f3 sostenible, a les jornades REACT 2022"},"content":{"rendered":"\n<p class=\"has-medium-font-size\">Tindr\u00e0 una sessi\u00f3 el dijous 31 de mar\u00e7<\/p>\n\n\n\n<p>Els dies 30 i 31 de mar\u00e7 i 1 d\u2019abril, l\u2019Ajuntament de Barcelona ha organitzat les<a rel=\"noreferrer noopener\" href=\"https:\/\/www.barcelona.cat\/react\/ca\" target=\"_blank\"> II Jornades de Reactivaci\u00f3 Econ\u00f2mica REACT<\/a>, un espai on m\u00e9s de seixanta d&#8217;experts i l\u00edders locals, nacionals i internacionals reflexionaran sobre el full de ruta per a la promoci\u00f3 econ\u00f2mica de la ciutat despr\u00e9s de la pand\u00e8mia i amb l\u2019horitz\u00f3 a l\u2019Agenda 2030.<\/p>\n\n\n\n<p>Entre les diverses sessions de l\u2019esdeveniment n\u2019hi ha una dedicada a la <a rel=\"noreferrer noopener\" href=\"https:\/\/www.barcelona.cat\/react\/ca\/gastronomia-i-alimentacio-sostenibles-persones-producte-i-planeta\" target=\"_blank\">gastronomia i l\u2019alimentaci\u00f3 sostenible<\/a> de la capital catalana, un dels atractius tur\u00edstics de Barcelona. Ser\u00e0 dijous 31 de mar\u00e7 a les 15.30 h i comptar\u00e0 amb la pres\u00e8ncia d\u2019Olivier Marette, president de D\u00e9lice Network, Sergio Gil, president de la fundaci\u00f3 Restaurantes Sostenibles, Eva Ballar\u00edn, experta en turisme i restauraci\u00f3, i Javier Torres, xef i propietari de Cocina Hermanos Torres, moderats per la periodista Carme Gasull, especialitzada en gastronomia.<\/p>\n\n\n\n<p>L\u2019acte tindr\u00e0 lloc al Disseny Hub i per poder-hi assistir cal inscriure\u2019s <a href=\"https:\/\/barter.eventszone.net\/myCongress\/fhome.php?thisFormCongress=react22&amp;thisFormLanguage=ca\" target=\"_blank\" rel=\"noreferrer noopener\">aqu\u00ed<\/a>.<\/p>\n","protected":false},"excerpt":{"rendered":"<p>Tindr\u00e0 una sessi\u00f3 el dijous 31 de mar\u00e7 Els dies 30 i 31 de mar\u00e7 i 1 d\u2019abril, l\u2019Ajuntament de Barcelona ha organitzat les II Jornades de Reactivaci\u00f3 Econ\u00f2mica REACT, un espai on m\u00e9s de seixanta d&#8217;experts i l\u00edders locals, nacionals i internacionals reflexionaran sobre el full de ruta per a la promoci\u00f3 econ\u00f2mica de [&hellip;]<\/p>\n","protected":false},"author":38,"featured_media":892,"comment_status":"closed","ping_status":"open","sticky":false,"template":"","format":"standard","meta":{"_oasis_is_in_workflow":0,"_oasis_original":0,"ngg_post_thumbnail":0},"categories":[186,1],"tags":[14,10,99,163],"_links":{"self":[{"href":"https:\/\/blogs.amb.cat\/alimentaciometropolitana\/wp-json\/wp\/v2\/posts\/890"}],"collection":[{"href":"https:\/\/blogs.amb.cat\/alimentaciometropolitana\/wp-json\/wp\/v2\/posts"}],"about":[{"href":"https:\/\/blogs.amb.cat\/alimentaciometropolitana\/wp-json\/wp\/v2\/types\/post"}],"author":[{"embeddable":true,"href":"https:\/\/blogs.amb.cat\/alimentaciometropolitana\/wp-json\/wp\/v2\/users\/38"}],"replies":[{"embeddable":true,"href":"https:\/\/blogs.amb.cat\/alimentaciometropolitana\/wp-json\/wp\/v2\/comments?post=890"}],"version-history":[{"count":3,"href":"https:\/\/blogs.amb.cat\/alimentaciometropolitana\/wp-json\/wp\/v2\/posts\/890\/revisions"}],"predecessor-version":[{"id":913,"href":"https:\/\/blogs.amb.cat\/alimentaciometropolitana\/wp-json\/wp\/v2\/posts\/890\/revisions\/913"}],"wp:featuredmedia":[{"embeddable":true,"href":"https:\/\/blogs.amb.cat\/alimentaciometropolitana\/wp-json\/wp\/v2\/media\/892"}],"wp:attachment":[{"href":"https:\/\/blogs.amb.cat\/alimentaciometropolitana\/wp-json\/wp\/v2\/media?parent=890"}],"wp:term":[{"taxonomy":"category","embeddable":true,"href":"https:\/\/blogs.amb.cat\/alimentaciometropolitana\/wp-json\/wp\/v2\/categories?post=890"},{"taxonomy":"post_tag","embeddable":true,"href":"https:\/\/blogs.amb.cat\/alimentaciometropolitana\/wp-json\/wp\/v2\/tags?post=890"}],"curies":[{"name":"wp","href":"https:\/\/api.w.org\/{rel}","templated":true}]}}