
 







{"id":895,"date":"2022-03-25T08:00:00","date_gmt":"2022-03-25T06:00:00","guid":{"rendered":"https:\/\/blogs.amb.cat\/alimentaciometropolitana\/?p=895"},"modified":"2022-03-24T09:22:28","modified_gmt":"2022-03-24T07:22:28","slug":"taller-demprenedoria-agroecologica-en-horta","status":"publish","type":"post","link":"https:\/\/blogs.amb.cat\/alimentaciometropolitana\/2022\/03\/25\/taller-demprenedoria-agroecologica-en-horta\/","title":{"rendered":"Taller d\u2019emprenedoria agroecol\u00f2gica en horta"},"content":{"rendered":"\n<p class=\"has-medium-font-size\">Curs gratu\u00eft els dies 19, 21, 26 i 28 d\u2019abril<\/p>\n\n\n\n<p>Per on comen\u00e7ar un projecte agroecol\u00f2gic nou? Quins conreus escollir? Com tenir-ne cura? Aquestes i altres preguntes de persones interessades a iniciar-se en l\u2019agroecologia trobaran resposta al taller que l<a rel=\"noreferrer noopener\" href=\"https:\/\/svh.cat\/\" target=\"_blank\">\u2019Ajuntament de Sant Vicen\u00e7 dels Horts<\/a> ha organitzat per als dies 19, 21, 26 i 28 d\u2019abril.<\/p>\n\n\n\n<p>Es tracta d\u2019una formaci\u00f3 gratu\u00efta en qu\u00e8 s\u2019hi oferiran continguts en l&#8217;\u00e0mbit econ\u00f2mic i financer, comercial i ambiental per reeixir en un negoci agrari.<\/p>\n\n\n\n<p>El curs s\u2019impartir\u00e0 a la biblioteca de l\u2019escola del Roc\u00edo (c\/ Benicarl\u00f3, 39-43) de 16 a 20 h. Per inscriure-s\u2019hi cal enviar un correu a <strong>formaci\u00f3@svh.cat <\/strong>on s\u2019hi indiqui el nom del curs, nom, cognoms, DNI i tel\u00e8fon.<\/p>\n","protected":false},"excerpt":{"rendered":"<p>Curs gratu\u00eft els dies 19, 21, 26 i 28 d\u2019abril Per on comen\u00e7ar un projecte agroecol\u00f2gic nou? Quins conreus escollir? Com tenir-ne cura? Aquestes i altres preguntes de persones interessades a iniciar-se en l\u2019agroecologia trobaran resposta al taller que l\u2019Ajuntament de Sant Vicen\u00e7 dels Horts ha organitzat per als dies 19, 21, 26 i 28 [&hellip;]<\/p>\n","protected":false},"author":38,"featured_media":904,"comment_status":"closed","ping_status":"open","sticky":false,"template":"","format":"standard","meta":{"_oasis_is_in_workflow":0,"_oasis_original":0,"ngg_post_thumbnail":0},"categories":[1],"tags":[16,15,32],"_links":{"self":[{"href":"https:\/\/blogs.amb.cat\/alimentaciometropolitana\/wp-json\/wp\/v2\/posts\/895"}],"collection":[{"href":"https:\/\/blogs.amb.cat\/alimentaciometropolitana\/wp-json\/wp\/v2\/posts"}],"about":[{"href":"https:\/\/blogs.amb.cat\/alimentaciometropolitana\/wp-json\/wp\/v2\/types\/post"}],"author":[{"embeddable":true,"href":"https:\/\/blogs.amb.cat\/alimentaciometropolitana\/wp-json\/wp\/v2\/users\/38"}],"replies":[{"embeddable":true,"href":"https:\/\/blogs.amb.cat\/alimentaciometropolitana\/wp-json\/wp\/v2\/comments?post=895"}],"version-history":[{"count":3,"href":"https:\/\/blogs.amb.cat\/alimentaciometropolitana\/wp-json\/wp\/v2\/posts\/895\/revisions"}],"predecessor-version":[{"id":911,"href":"https:\/\/blogs.amb.cat\/alimentaciometropolitana\/wp-json\/wp\/v2\/posts\/895\/revisions\/911"}],"wp:featuredmedia":[{"embeddable":true,"href":"https:\/\/blogs.amb.cat\/alimentaciometropolitana\/wp-json\/wp\/v2\/media\/904"}],"wp:attachment":[{"href":"https:\/\/blogs.amb.cat\/alimentaciometropolitana\/wp-json\/wp\/v2\/media?parent=895"}],"wp:term":[{"taxonomy":"category","embeddable":true,"href":"https:\/\/blogs.amb.cat\/alimentaciometropolitana\/wp-json\/wp\/v2\/categories?post=895"},{"taxonomy":"post_tag","embeddable":true,"href":"https:\/\/blogs.amb.cat\/alimentaciometropolitana\/wp-json\/wp\/v2\/tags?post=895"}],"curies":[{"name":"wp","href":"https:\/\/api.w.org\/{rel}","templated":true}]}}