
 







{"id":898,"date":"2022-04-01T08:00:00","date_gmt":"2022-04-01T06:00:00","guid":{"rendered":"https:\/\/blogs.amb.cat\/alimentaciometropolitana\/?p=898"},"modified":"2025-03-18T10:21:33","modified_gmt":"2025-03-18T08:21:33","slug":"a-la-primavera-mans-a-la-terra","status":"publish","type":"post","link":"https:\/\/blogs.amb.cat\/alimentaciometropolitana\/2022\/04\/01\/a-la-primavera-mans-a-la-terra\/","title":{"rendered":"\u201cA la primavera, mans a la terra\u201d"},"content":{"rendered":"\n<p class=\"has-medium-font-size\">Tallers a diversos horts comunitaris de Collserola<\/p>\n\n\n\n<p>Els col\u00b7lectius Tarpuna, Les Refardes, Bosc Turull i Talleristes de Remenat han organitzat un <a href=\"https:\/\/www.remenat.org\/a-la-primavera-mans-a-la-terra\/\" target=\"_blank\" rel=\"noreferrer noopener\">curs d\u2019agroecologia<\/a> per a les persones interessades a formar-se en sobirania i autosufici\u00e8ncia aliment\u00e0ria, amants dels horts al balc\u00f3 i l\u2019agricultura de proximitat.<\/p>\n\n\n\n<p>Durant deu sessions impartides a diversos horts comunitaris dels barris de la solana de Collserola, els assistents aprendran alternatives als circuits de consum alimentari convencionals, com fer compostatge, gestionar l\u2019aigua dels conreus, cultivar herbes remeieres i arom\u00e0tiques o saber detectar les plagues m\u00e9s freq\u00fcents de verdures i hortalisses. Es tracta d\u2019una formaci\u00f3 que combina teoria i pr\u00e0ctica que es dur\u00e0 a terme els dies 19, 26 i 30 d\u2019abril i 3, 4, 10, 14, 17, 21 i 28 de maig.<\/p>\n\n\n\n<p>El curs consta de 20 places i els alumnes rebran les llavors, el planter i les eines necess\u00e0ries per dur a terme les lli\u00e7ons pr\u00e0ctiques. S\u00f3n 31 hores que tenen un preu de 205 euros, amb rebaixes per a persones aturades i estudiants. Tamb\u00e9 es poden fer classes soltes, que tenen un preu per unitat. <\/p>\n\n\n\n<p>Les inscripcions es fan mitjan\u00e7ant un correu a <strong>hortsiplantes@gmail.com.<\/strong><\/p>\n","protected":false},"excerpt":{"rendered":"<p>Tallers a diversos horts comunitaris de Collserola Els col\u00b7lectius Tarpuna, Les Refardes, Bosc Turull i Talleristes de Remenat han organitzat un curs d\u2019agroecologia per a les persones interessades a formar-se en sobirania i autosufici\u00e8ncia aliment\u00e0ria, amants dels horts al balc\u00f3 i l\u2019agricultura de proximitat. Durant deu sessions impartides a diversos horts comunitaris dels barris de [&hellip;]<\/p>\n","protected":false},"author":38,"featured_media":899,"comment_status":"closed","ping_status":"open","sticky":false,"template":"","format":"standard","meta":{"_oasis_is_in_workflow":0,"_oasis_original":0,"ngg_post_thumbnail":0},"categories":[1,187,183],"tags":[16,22,15],"_links":{"self":[{"href":"https:\/\/blogs.amb.cat\/alimentaciometropolitana\/wp-json\/wp\/v2\/posts\/898"}],"collection":[{"href":"https:\/\/blogs.amb.cat\/alimentaciometropolitana\/wp-json\/wp\/v2\/posts"}],"about":[{"href":"https:\/\/blogs.amb.cat\/alimentaciometropolitana\/wp-json\/wp\/v2\/types\/post"}],"author":[{"embeddable":true,"href":"https:\/\/blogs.amb.cat\/alimentaciometropolitana\/wp-json\/wp\/v2\/users\/38"}],"replies":[{"embeddable":true,"href":"https:\/\/blogs.amb.cat\/alimentaciometropolitana\/wp-json\/wp\/v2\/comments?post=898"}],"version-history":[{"count":2,"href":"https:\/\/blogs.amb.cat\/alimentaciometropolitana\/wp-json\/wp\/v2\/posts\/898\/revisions"}],"predecessor-version":[{"id":901,"href":"https:\/\/blogs.amb.cat\/alimentaciometropolitana\/wp-json\/wp\/v2\/posts\/898\/revisions\/901"}],"wp:featuredmedia":[{"embeddable":true,"href":"https:\/\/blogs.amb.cat\/alimentaciometropolitana\/wp-json\/wp\/v2\/media\/899"}],"wp:attachment":[{"href":"https:\/\/blogs.amb.cat\/alimentaciometropolitana\/wp-json\/wp\/v2\/media?parent=898"}],"wp:term":[{"taxonomy":"category","embeddable":true,"href":"https:\/\/blogs.amb.cat\/alimentaciometropolitana\/wp-json\/wp\/v2\/categories?post=898"},{"taxonomy":"post_tag","embeddable":true,"href":"https:\/\/blogs.amb.cat\/alimentaciometropolitana\/wp-json\/wp\/v2\/tags?post=898"}],"curies":[{"name":"wp","href":"https:\/\/api.w.org\/{rel}","templated":true}]}}