
 







{"id":902,"date":"2022-04-11T08:00:00","date_gmt":"2022-04-11T06:00:00","guid":{"rendered":"https:\/\/blogs.amb.cat\/alimentaciometropolitana\/?p=902"},"modified":"2025-03-18T10:20:31","modified_gmt":"2025-03-18T08:20:31","slug":"nova-formacio-a-sant-vicenc-dels-horts-per-millorar-una-explotacio-agraria","status":"publish","type":"post","link":"https:\/\/blogs.amb.cat\/alimentaciometropolitana\/2022\/04\/11\/nova-formacio-a-sant-vicenc-dels-horts-per-millorar-una-explotacio-agraria\/","title":{"rendered":"Nova formaci\u00f3 a Sant Vicen\u00e7 dels Horts per millorar una explotaci\u00f3 agr\u00e0ria"},"content":{"rendered":"\n<p class=\"has-medium-font-size\">Curs gratu\u00eft els dies 3 i 5 de maig<\/p>\n\n\n\n<p>L\u2019<a href=\"https:\/\/svh.cat\/\" target=\"_blank\" rel=\"noreferrer noopener\">Ajuntament de Sant Vicen\u00e7 dels Horts<\/a> organitza un curs nou per millorar les habilitats i el rendiment dels professionals de l\u2019agricultura. Amb dues sessions els dies 3 i 5 de maig, els interessats aprendran a detectar els punts forts i punts d\u00e8bils del negoci, obtindran eines i recursos per millorar la gesti\u00f3 i viabilitat del projecte agrari i analitzaran casos d&#8217;\u00e8xit que es puguin aplicar a la realitat territorial del municipi o la comarca.<\/p>\n\n\n\n<p>Aquesta formaci\u00f3, presencial, es dur\u00e0 a terme a la biblioteca de l\u2019Escola del Roc\u00edo (c\/ Benicarl\u00f3, 39-43) de 9.30 a 13.30 h. Per inscriure-s\u2019hi cal enviar un correu a <strong>formaci\u00f3@svh.cat <\/strong>on s\u2019hi indiqui el nom del curs, nom, cognoms, DNI i tel\u00e8fon.<\/p>\n","protected":false},"excerpt":{"rendered":"<p>Curs gratu\u00eft els dies 3 i 5 de maig L\u2019Ajuntament de Sant Vicen\u00e7 dels Horts organitza un curs nou per millorar les habilitats i el rendiment dels professionals de l\u2019agricultura. Amb dues sessions els dies 3 i 5 de maig, els interessats aprendran a detectar els punts forts i punts d\u00e8bils del negoci, obtindran eines [&hellip;]<\/p>\n","protected":false},"author":38,"featured_media":896,"comment_status":"closed","ping_status":"open","sticky":false,"template":"","format":"standard","meta":{"_oasis_is_in_workflow":0,"_oasis_original":0,"ngg_post_thumbnail":0},"categories":[1,183],"tags":[16,15,32],"_links":{"self":[{"href":"https:\/\/blogs.amb.cat\/alimentaciometropolitana\/wp-json\/wp\/v2\/posts\/902"}],"collection":[{"href":"https:\/\/blogs.amb.cat\/alimentaciometropolitana\/wp-json\/wp\/v2\/posts"}],"about":[{"href":"https:\/\/blogs.amb.cat\/alimentaciometropolitana\/wp-json\/wp\/v2\/types\/post"}],"author":[{"embeddable":true,"href":"https:\/\/blogs.amb.cat\/alimentaciometropolitana\/wp-json\/wp\/v2\/users\/38"}],"replies":[{"embeddable":true,"href":"https:\/\/blogs.amb.cat\/alimentaciometropolitana\/wp-json\/wp\/v2\/comments?post=902"}],"version-history":[{"count":2,"href":"https:\/\/blogs.amb.cat\/alimentaciometropolitana\/wp-json\/wp\/v2\/posts\/902\/revisions"}],"predecessor-version":[{"id":909,"href":"https:\/\/blogs.amb.cat\/alimentaciometropolitana\/wp-json\/wp\/v2\/posts\/902\/revisions\/909"}],"wp:featuredmedia":[{"embeddable":true,"href":"https:\/\/blogs.amb.cat\/alimentaciometropolitana\/wp-json\/wp\/v2\/media\/896"}],"wp:attachment":[{"href":"https:\/\/blogs.amb.cat\/alimentaciometropolitana\/wp-json\/wp\/v2\/media?parent=902"}],"wp:term":[{"taxonomy":"category","embeddable":true,"href":"https:\/\/blogs.amb.cat\/alimentaciometropolitana\/wp-json\/wp\/v2\/categories?post=902"},{"taxonomy":"post_tag","embeddable":true,"href":"https:\/\/blogs.amb.cat\/alimentaciometropolitana\/wp-json\/wp\/v2\/tags?post=902"}],"curies":[{"name":"wp","href":"https:\/\/api.w.org\/{rel}","templated":true}]}}