
 







{"id":914,"date":"2022-03-18T08:00:00","date_gmt":"2022-03-18T06:00:00","guid":{"rendered":"https:\/\/blogs.amb.cat\/alimentaciometropolitana\/?p=914"},"modified":"2025-03-18T10:34:46","modified_gmt":"2025-03-18T08:34:46","slug":"lamb-signa-un-conveni-per-millorar-la-gestio-agroalimentaria-de-les-muntanyes-del-baix","status":"publish","type":"post","link":"https:\/\/blogs.amb.cat\/alimentaciometropolitana\/2022\/03\/18\/lamb-signa-un-conveni-per-millorar-la-gestio-agroalimentaria-de-les-muntanyes-del-baix\/","title":{"rendered":"L\u2019AMB signa un conveni per millorar la gesti\u00f3 agroaliment\u00e0ria de les Muntanyes del Baix"},"content":{"rendered":"\n<p class=\"has-medium-font-size\">Amb el Consell Comarcal del Baix Llobregat<\/p>\n\n\n\n<p>L\u2019\u00c0rea Metropolitana de Barcelona (AMB) i el Consell Comarcal del Baix Llobregat han signat un <a href=\"https:\/\/docs.amb.cat\/alfresco\/api\/-default-\/public\/alfresco\/versions\/1\/nodes\/b786b6ed-8bb7-4fc5-83c5-6e5f09de481a\/content\/20220317_conveni baix llobregat.pdf?attachment=false&amp;mimeType=application\/pdf&amp;sizeInBytes=517398\" target=\"_blank\" rel=\"noreferrer noopener\">conveni<\/a> pel qual es comprometen a \u201cgarantir el foment de la gesti\u00f3 forestal, ramadera i agr\u00edcola i a impulsar el desenvolupament econ\u00f2mic i social del mosaic agroforestal metropolit\u00e0, especialment en l\u2019\u00e0mbit de les Muntanyes del Baix\u201d.<\/p>\n\n\n\n<p>D\u2019aquesta manera, les dues entitats acorden fer realitat el <a rel=\"noreferrer noopener\" href=\"https:\/\/www.elbaixllobregat.cat\/sites\/default\/files\/arxius\/Doc_I_PROGRAMA_ACCIONS_MdB_vJULIOL20.pdf\" target=\"_blank\">Pla d\u2019accions de les Muntanyes del Baix 2019-2023<\/a>, amb una inversi\u00f3 global de 50.000 euros.<\/p>\n\n\n\n<p>Entre les actuacions concretes que es deriven de l\u2019acord en destaquen les seg\u00fcents:<br>\u2022 Donar suport als municipis per reduir l&#8217;abandonament de camps de conreu i d&#8217;espais agroforestals metropolitans per fer-los m\u00e9s productius<br>\u2022 Reduir el risc d&#8217;incendi forestal mitjan\u00e7ant una gesti\u00f3 activa del territori, que passa per potenciar els plans de gesti\u00f3 forestal i l\u2019aprofitament econ\u00f2mic de la massa forestal<br>\u2022 Fer un seguiment rigor\u00f3s de la normativa vigent en relaci\u00f3 amb l&#8217;obligaci\u00f3 dels titulars de les l\u00ednies a\u00e8ries de conducci\u00f3 el\u00e8ctrica de fer treballs de neteja i manteniment de la vegetaci\u00f3<br>\u2022 Promoure la producci\u00f3\/valoritzaci\u00f3 de fusta i pastures, plantes arom\u00e0tiques i medicinals, t\u00f2fones, frondoses nobles, piny\u00f3, etc., en el context agroforestal, i de conreus alternatius per camps en pendent i en proc\u00e9s d\u2019abandonament<br>\u2022 Promoure accions de desenvolupament, transfer\u00e8ncia i participaci\u00f3 en projectes d\u2019innovaci\u00f3 tecnol\u00f2gica per a la dinamitzaci\u00f3 en tota la cadena de valor de productes agraris, ramaders, forestals i de ca\u00e7a<\/p>\n\n\n\n<p>Les <a href=\"https:\/\/www.amb.cat\/web\/amb\/alimentacio\/sistema-alimentari\/produccio\">Muntanyes del Baix<\/a> s\u00f3n un espai al marge dret del riu Llobregat, que s\u2019est\u00e9n des dels nuclis urbans del delta del riu, el mass\u00eds del Garraf\u2013Ordal i fins a les carenes que delimiten les conques de l\u2019Anoia i el Llobregat. S\u00f3n m\u00e9s de 12.000 ha, de les quals m\u00e9s de 10.000 ha corresponen a superf\u00edcie forestal.<\/p>\n\n\n\n<p>En destaquen els valors vinculats als aprofitaments agr\u00edcoles, ramaders i forestals que han modelat el paisatge, els valors naturals i paisatg\u00edstics. A m\u00e9s, \u00e9s una zona en qu\u00e8 la natura conviu amb una poblaci\u00f3 de m\u00e9s de 300.000 persones.<\/p>\n","protected":false},"excerpt":{"rendered":"<p>Amb el Consell Comarcal del Baix Llobregat L\u2019\u00c0rea Metropolitana de Barcelona (AMB) i el Consell Comarcal del Baix Llobregat han signat un conveni pel qual es comprometen a \u201cgarantir el foment de la gesti\u00f3 forestal, ramadera i agr\u00edcola i a impulsar el desenvolupament econ\u00f2mic i social del mosaic agroforestal metropolit\u00e0, especialment en l\u2019\u00e0mbit de les [&hellip;]<\/p>\n","protected":false},"author":38,"featured_media":915,"comment_status":"closed","ping_status":"open","sticky":false,"template":"","format":"standard","meta":{"_oasis_is_in_workflow":0,"_oasis_original":0,"ngg_post_thumbnail":0},"categories":[1,183],"tags":[16,13,29],"_links":{"self":[{"href":"https:\/\/blogs.amb.cat\/alimentaciometropolitana\/wp-json\/wp\/v2\/posts\/914"}],"collection":[{"href":"https:\/\/blogs.amb.cat\/alimentaciometropolitana\/wp-json\/wp\/v2\/posts"}],"about":[{"href":"https:\/\/blogs.amb.cat\/alimentaciometropolitana\/wp-json\/wp\/v2\/types\/post"}],"author":[{"embeddable":true,"href":"https:\/\/blogs.amb.cat\/alimentaciometropolitana\/wp-json\/wp\/v2\/users\/38"}],"replies":[{"embeddable":true,"href":"https:\/\/blogs.amb.cat\/alimentaciometropolitana\/wp-json\/wp\/v2\/comments?post=914"}],"version-history":[{"count":3,"href":"https:\/\/blogs.amb.cat\/alimentaciometropolitana\/wp-json\/wp\/v2\/posts\/914\/revisions"}],"predecessor-version":[{"id":933,"href":"https:\/\/blogs.amb.cat\/alimentaciometropolitana\/wp-json\/wp\/v2\/posts\/914\/revisions\/933"}],"wp:featuredmedia":[{"embeddable":true,"href":"https:\/\/blogs.amb.cat\/alimentaciometropolitana\/wp-json\/wp\/v2\/media\/915"}],"wp:attachment":[{"href":"https:\/\/blogs.amb.cat\/alimentaciometropolitana\/wp-json\/wp\/v2\/media?parent=914"}],"wp:term":[{"taxonomy":"category","embeddable":true,"href":"https:\/\/blogs.amb.cat\/alimentaciometropolitana\/wp-json\/wp\/v2\/categories?post=914"},{"taxonomy":"post_tag","embeddable":true,"href":"https:\/\/blogs.amb.cat\/alimentaciometropolitana\/wp-json\/wp\/v2\/tags?post=914"}],"curies":[{"name":"wp","href":"https:\/\/api.w.org\/{rel}","templated":true}]}}