
 







{"id":917,"date":"2022-03-16T08:09:00","date_gmt":"2022-03-16T06:09:00","guid":{"rendered":"https:\/\/blogs.amb.cat\/alimentaciometropolitana\/?p=917"},"modified":"2025-03-18T10:34:54","modified_gmt":"2025-03-18T08:34:54","slug":"arriben-les-xiii-jornades-del-marc-gastronomic","status":"publish","type":"post","link":"https:\/\/blogs.amb.cat\/alimentaciometropolitana\/2022\/03\/16\/arriben-les-xiii-jornades-del-marc-gastronomic\/","title":{"rendered":"Arriben les XIII Jornades del Mar\u00e7 Gastron\u00f2mic"},"content":{"rendered":"\n<p class=\"has-medium-font-size\">Fins al 18 d\u2019abril a 12 municipis metropolitans<\/p>\n\n\n\n<p>Mar\u00e7 \u00e9s el mes de celebraci\u00f3 de la gastronomia al Baix Llobregat i a L\u2019Hospitalet de Llobregat. Un any m\u00e9s, aprofitant la temporada de carxofa i d\u2019altres hortalisses i aliments produ\u00efts a la comarca, arriben les <a href=\"http:\/\/marcgastronomic.com\/\" target=\"_blank\" rel=\"noreferrer noopener\">XIII Jornades del Mar\u00e7 Gastron\u00f2mic<\/a>. Enguany arrenquen el 17 de mar\u00e7 i es podran gaudir a 12 municipis metropolitans i tres ciutats del Baix Llobregat.<\/p>\n\n\n\n<p>Fins al 18 d\u2019abril, 28 restaurants del Prat de Llobregat, Abrera, Begues, Castelldefels, Cervell\u00f3, Esparreguera, Gav\u00e0, L\u2019Hospitalet de Llobregat, Martorell, Sant Andreu de la Barca, Sant Boi de Llobregat, Sant Feliu de Llobregat, Sant Just Desvern, Sant Vicen\u00e7 dels Horts i Viladecans elaboraran men\u00fas amb carxofa Prat, pollastre pota blava i altres aliments del Parc agrari del Baix Llobregat.<\/p>\n\n\n\n<p>Podeu consultar els restaurants adherits a la iniciativa <a href=\"http:\/\/marcgastronomic.com\/index.php\/participants\/marc-gastronomic-2022-2\" target=\"_blank\" rel=\"noreferrer noopener\">aqu\u00ed<\/a>.<\/p>\n","protected":false},"excerpt":{"rendered":"<p>Fins al 18 d\u2019abril a 12 municipis metropolitans Mar\u00e7 \u00e9s el mes de celebraci\u00f3 de la gastronomia al Baix Llobregat i a L\u2019Hospitalet de Llobregat. Un any m\u00e9s, aprofitant la temporada de carxofa i d\u2019altres hortalisses i aliments produ\u00efts a la comarca, arriben les XIII Jornades del Mar\u00e7 Gastron\u00f2mic. Enguany arrenquen el 17 de mar\u00e7 [&hellip;]<\/p>\n","protected":false},"author":38,"featured_media":918,"comment_status":"closed","ping_status":"open","sticky":false,"template":"","format":"standard","meta":{"_oasis_is_in_workflow":0,"_oasis_original":0,"ngg_post_thumbnail":0},"categories":[186,1],"tags":[99,163,37,44],"_links":{"self":[{"href":"https:\/\/blogs.amb.cat\/alimentaciometropolitana\/wp-json\/wp\/v2\/posts\/917"}],"collection":[{"href":"https:\/\/blogs.amb.cat\/alimentaciometropolitana\/wp-json\/wp\/v2\/posts"}],"about":[{"href":"https:\/\/blogs.amb.cat\/alimentaciometropolitana\/wp-json\/wp\/v2\/types\/post"}],"author":[{"embeddable":true,"href":"https:\/\/blogs.amb.cat\/alimentaciometropolitana\/wp-json\/wp\/v2\/users\/38"}],"replies":[{"embeddable":true,"href":"https:\/\/blogs.amb.cat\/alimentaciometropolitana\/wp-json\/wp\/v2\/comments?post=917"}],"version-history":[{"count":1,"href":"https:\/\/blogs.amb.cat\/alimentaciometropolitana\/wp-json\/wp\/v2\/posts\/917\/revisions"}],"predecessor-version":[{"id":919,"href":"https:\/\/blogs.amb.cat\/alimentaciometropolitana\/wp-json\/wp\/v2\/posts\/917\/revisions\/919"}],"wp:featuredmedia":[{"embeddable":true,"href":"https:\/\/blogs.amb.cat\/alimentaciometropolitana\/wp-json\/wp\/v2\/media\/918"}],"wp:attachment":[{"href":"https:\/\/blogs.amb.cat\/alimentaciometropolitana\/wp-json\/wp\/v2\/media?parent=917"}],"wp:term":[{"taxonomy":"category","embeddable":true,"href":"https:\/\/blogs.amb.cat\/alimentaciometropolitana\/wp-json\/wp\/v2\/categories?post=917"},{"taxonomy":"post_tag","embeddable":true,"href":"https:\/\/blogs.amb.cat\/alimentaciometropolitana\/wp-json\/wp\/v2\/tags?post=917"}],"curies":[{"name":"wp","href":"https:\/\/api.w.org\/{rel}","templated":true}]}}