
 







{"id":923,"date":"2022-03-28T08:15:00","date_gmt":"2022-03-28T06:15:00","guid":{"rendered":"https:\/\/blogs.amb.cat\/alimentaciometropolitana\/?p=923"},"modified":"2025-03-18T10:25:07","modified_gmt":"2025-03-18T08:25:07","slug":"com-sera-la-pac-2023-2027","status":"publish","type":"post","link":"https:\/\/blogs.amb.cat\/alimentaciometropolitana\/2022\/03\/28\/com-sera-la-pac-2023-2027\/","title":{"rendered":"Com ser\u00e0 la PAC 2023-2027?"},"content":{"rendered":"\n<p class=\"has-medium-font-size\">Jornada t\u00e8cnica per explicar-ne les caracter\u00edstiques principals<\/p>\n\n\n\n<p>La <a href=\"http:\/\/agricultura.gencat.cat\/ca\/ambits\/desenvolupament-rural\/pac\/introduccio\/\" target=\"_blank\" rel=\"noreferrer noopener\">pol\u00edtica agr\u00e0ria comuna (PAC)<\/a> \u00e9s un dels elements principals de la Uni\u00f3 Europea des que es va crear. S\u2019hi destina una part important del pressupost comunitari i, amb el temps, s\u2019ha anat reformant per adaptar-se a les necessitats de cada moment.<\/p>\n\n\n\n<p>La PAC actual finalitza aquest any, de manera el 2023 s\u2019enceta un per\u00edode nou, fins el 2027. Un dels principals canvis de la nova pol\u00edtica agr\u00e0ria comuna \u00e9s que garantir\u00e0 un futur m\u00e9s sostenible per als agricultors i ramaders i recolzar\u00e0 les explotacions m\u00e9s petites. Per saber de quina manera es formalitzaran aquestes iniciatives i quins seran els pilars b\u00e0sics de la nova PAC s\u2019ha organitzat una jornada t\u00e8cnica a Vic. Ser\u00e0 dimarts 5 d\u2019abril, durant el mat\u00ed i comptar\u00e0 amb la participaci\u00f3 de representants del Departament d\u2019Acci\u00f3 Clim\u00e0tica, Alimentaci\u00f3 i Agenda Rural.<\/p>\n\n\n\n<p>Podeu consultar el programa <a href=\"https:\/\/ruralcat.gencat.cat\/c\/document_library\/get_file?uuid=0ad98329-2237-4f5e-ae33-6c03da4c99e3&amp;groupId=20181\" target=\"_blank\" rel=\"noreferrer noopener\">aqu\u00ed<\/a> i inscriure-us-hi, <a href=\"https:\/\/ruralcat.gencat.cat\/web\/guest\/transferencia\/preinscripcio-jornada-tecnica?p_auth=cLhPRWBm&amp;p_p_id=JornadesPATT_WAR_jornadesPATT100SNAPSHOT&amp;p_p_lifecycle=1&amp;p_p_state=normal&amp;p_p_mode=view&amp;p_p_col_id=column-1&amp;p_p_col_pos=1&amp;p_p_col_count=2&amp;_JornadesPATT_WAR_jornadesPATT100SNAPSHOT_idJornada=4043212&amp;_JornadesPATT_WAR_jornadesPATT100SNAPSHOT_cmd=subscribeJornada\" target=\"_blank\" rel=\"noreferrer noopener\">aqu\u00ed<\/a>.<\/p>\n","protected":false},"excerpt":{"rendered":"<p>Jornada t\u00e8cnica per explicar-ne les caracter\u00edstiques principals La pol\u00edtica agr\u00e0ria comuna (PAC) \u00e9s un dels elements principals de la Uni\u00f3 Europea des que es va crear. S\u2019hi destina una part important del pressupost comunitari i, amb el temps, s\u2019ha anat reformant per adaptar-se a les necessitats de cada moment. La PAC actual finalitza aquest any, [&hellip;]<\/p>\n","protected":false},"author":38,"featured_media":924,"comment_status":"closed","ping_status":"open","sticky":false,"template":"","format":"standard","meta":{"_oasis_is_in_workflow":0,"_oasis_original":0,"ngg_post_thumbnail":0},"categories":[1,183],"tags":[34,86,166,165],"_links":{"self":[{"href":"https:\/\/blogs.amb.cat\/alimentaciometropolitana\/wp-json\/wp\/v2\/posts\/923"}],"collection":[{"href":"https:\/\/blogs.amb.cat\/alimentaciometropolitana\/wp-json\/wp\/v2\/posts"}],"about":[{"href":"https:\/\/blogs.amb.cat\/alimentaciometropolitana\/wp-json\/wp\/v2\/types\/post"}],"author":[{"embeddable":true,"href":"https:\/\/blogs.amb.cat\/alimentaciometropolitana\/wp-json\/wp\/v2\/users\/38"}],"replies":[{"embeddable":true,"href":"https:\/\/blogs.amb.cat\/alimentaciometropolitana\/wp-json\/wp\/v2\/comments?post=923"}],"version-history":[{"count":3,"href":"https:\/\/blogs.amb.cat\/alimentaciometropolitana\/wp-json\/wp\/v2\/posts\/923\/revisions"}],"predecessor-version":[{"id":929,"href":"https:\/\/blogs.amb.cat\/alimentaciometropolitana\/wp-json\/wp\/v2\/posts\/923\/revisions\/929"}],"wp:featuredmedia":[{"embeddable":true,"href":"https:\/\/blogs.amb.cat\/alimentaciometropolitana\/wp-json\/wp\/v2\/media\/924"}],"wp:attachment":[{"href":"https:\/\/blogs.amb.cat\/alimentaciometropolitana\/wp-json\/wp\/v2\/media?parent=923"}],"wp:term":[{"taxonomy":"category","embeddable":true,"href":"https:\/\/blogs.amb.cat\/alimentaciometropolitana\/wp-json\/wp\/v2\/categories?post=923"},{"taxonomy":"post_tag","embeddable":true,"href":"https:\/\/blogs.amb.cat\/alimentaciometropolitana\/wp-json\/wp\/v2\/tags?post=923"}],"curies":[{"name":"wp","href":"https:\/\/api.w.org\/{rel}","templated":true}]}}