
 







{"id":936,"date":"2022-03-29T08:05:00","date_gmt":"2022-03-29T06:05:00","guid":{"rendered":"https:\/\/blogs.amb.cat\/alimentaciometropolitana\/?p=936"},"modified":"2025-03-18T11:02:28","modified_gmt":"2025-03-18T09:02:28","slug":"jornada-dedicada-a-leconomia-circular-blava-i-la-innovacio-a-la-pesca","status":"publish","type":"post","link":"https:\/\/blogs.amb.cat\/alimentaciometropolitana\/2022\/03\/29\/jornada-dedicada-a-leconomia-circular-blava-i-la-innovacio-a-la-pesca\/","title":{"rendered":"Jornada dedicada a l\u2019economia circular blava i la innovaci\u00f3 a la pesca"},"content":{"rendered":"\n<p class=\"has-medium-font-size\">Dilluns 4 d\u2019abril a Barcelona<\/p>\n\n\n\n<p><a rel=\"noreferrer noopener\" href=\"https:\/\/medcities.org\/ca\/\" target=\"_blank\">MedCities<\/a> i el <a rel=\"noreferrer noopener\" href=\"https:\/\/ca.cmlillesbalears.com\/\" target=\"_blank\">Cl\u00faster Mar\u00edtim de les Illes Balears (CMIB)<\/a>, en col\u00b7laboraci\u00f3 amb l&#8217;<a href=\"https:\/\/agenciaeconomica.amb.cat\/\">Ag\u00e8ncia de Desenvolupament Econ\u00f2mic de l&#8217;\u00c0rea Metropolitana de Barcelona (AMB)<\/a>, organitzen l\u2019esdeveniment estatal final del projecte <a href=\"https:\/\/blogs.amb.cat\/alimentaciometropolitana\/2022\/02\/14\/que-es-lalimentacio-blava-sostenible\/\">BLUEFasma<\/a> sobre \u201cEconomia circular blava i innovaci\u00f3 als sectors de la pesca i l\u2019aq\u00fcicultura de la Mediterr\u00e0nia\u201d. La jornada ser\u00e0 el dilluns 4 d\u2019abril a l\u2019hotel Catalonia Ramblas de Barcelona, de 9 a 17 h.<\/p>\n\n\n\n<p>A l\u2019acte s\u2019hi presentaran els objectius principals de BLUEFasma i hi haur\u00e0 quatre taules rodones sobre diversos aspectes per aconseguir una pesca m\u00e9s sostenible.<br><br>L\u2019assist\u00e8ncia a la jornada \u00e9s gratu\u00efta i oberta a tothom, pr\u00e8via inscripci\u00f3 <a href=\"https:\/\/docs.google.com\/forms\/d\/e\/1FAIpQLSetLH4fiDF6zf_Jd6_d4RirOaca-Jt24XyGE5ElIT0lbGtXrw\/viewform\" target=\"_blank\" rel=\"noreferrer noopener\">aqu\u00ed<\/a>.<\/p>\n\n\n\n<p>Podeu consultar el programa, <a href=\"https:\/\/medcities.org\/wp-content\/uploads\/2022\/03\/20220316-Programa-CAT-.docx.pdf\" target=\"_blank\" rel=\"noreferrer noopener\">aqu\u00ed<\/a>.<\/p>\n","protected":false},"excerpt":{"rendered":"<p>Dilluns 4 d\u2019abril a Barcelona MedCities i el Cl\u00faster Mar\u00edtim de les Illes Balears (CMIB), en col\u00b7laboraci\u00f3 amb l&#8217;Ag\u00e8ncia de Desenvolupament Econ\u00f2mic de l&#8217;\u00c0rea Metropolitana de Barcelona (AMB), organitzen l\u2019esdeveniment estatal final del projecte BLUEFasma sobre \u201cEconomia circular blava i innovaci\u00f3 als sectors de la pesca i l\u2019aq\u00fcicultura de la Mediterr\u00e0nia\u201d. La jornada ser\u00e0 el [&hellip;]<\/p>\n","protected":false},"author":38,"featured_media":937,"comment_status":"closed","ping_status":"open","sticky":false,"template":"","format":"standard","meta":{"_oasis_is_in_workflow":0,"_oasis_original":0,"ngg_post_thumbnail":0},"categories":[1,187],"tags":[13,10,86,152],"_links":{"self":[{"href":"https:\/\/blogs.amb.cat\/alimentaciometropolitana\/wp-json\/wp\/v2\/posts\/936"}],"collection":[{"href":"https:\/\/blogs.amb.cat\/alimentaciometropolitana\/wp-json\/wp\/v2\/posts"}],"about":[{"href":"https:\/\/blogs.amb.cat\/alimentaciometropolitana\/wp-json\/wp\/v2\/types\/post"}],"author":[{"embeddable":true,"href":"https:\/\/blogs.amb.cat\/alimentaciometropolitana\/wp-json\/wp\/v2\/users\/38"}],"replies":[{"embeddable":true,"href":"https:\/\/blogs.amb.cat\/alimentaciometropolitana\/wp-json\/wp\/v2\/comments?post=936"}],"version-history":[{"count":2,"href":"https:\/\/blogs.amb.cat\/alimentaciometropolitana\/wp-json\/wp\/v2\/posts\/936\/revisions"}],"predecessor-version":[{"id":940,"href":"https:\/\/blogs.amb.cat\/alimentaciometropolitana\/wp-json\/wp\/v2\/posts\/936\/revisions\/940"}],"wp:featuredmedia":[{"embeddable":true,"href":"https:\/\/blogs.amb.cat\/alimentaciometropolitana\/wp-json\/wp\/v2\/media\/937"}],"wp:attachment":[{"href":"https:\/\/blogs.amb.cat\/alimentaciometropolitana\/wp-json\/wp\/v2\/media?parent=936"}],"wp:term":[{"taxonomy":"category","embeddable":true,"href":"https:\/\/blogs.amb.cat\/alimentaciometropolitana\/wp-json\/wp\/v2\/categories?post=936"},{"taxonomy":"post_tag","embeddable":true,"href":"https:\/\/blogs.amb.cat\/alimentaciometropolitana\/wp-json\/wp\/v2\/tags?post=936"}],"curies":[{"name":"wp","href":"https:\/\/api.w.org\/{rel}","templated":true}]}}