
 







{"id":952,"date":"2022-03-01T08:18:00","date_gmt":"2022-03-01T06:18:00","guid":{"rendered":"https:\/\/blogs.amb.cat\/alimentaciometropolitana\/?p=952"},"modified":"2025-03-18T10:40:49","modified_gmt":"2025-03-18T08:40:49","slug":"una-escola-de-badia-del-valles-guanya-el-primer-premi-nacional-dhorts-escolars-ecologics","status":"publish","type":"post","link":"https:\/\/blogs.amb.cat\/alimentaciometropolitana\/2022\/03\/01\/una-escola-de-badia-del-valles-guanya-el-primer-premi-nacional-dhorts-escolars-ecologics\/","title":{"rendered":"Una escola de Badia del Vall\u00e8s guanya el primer premi nacional d&#8217;horts escolars ecol\u00f2gics"},"content":{"rendered":"\n<p class=\"has-medium-font-size\">El centre La Sardana, guanyador amb el projecte \u201cEstima\u2019t l\u2019hort\u201d<\/p>\n\n\n\n<p>\u201cEstima\u2019t l\u2019hort\u201d, la iniciativa de l\u2019escola <a rel=\"noreferrer noopener\" href=\"https:\/\/agora.xtec.cat\/ceip-lasardana\/\" target=\"_blank\">La Sardana<\/a> de Badia del Vall\u00e8s que utilitza un hort com a eina educativa, ha guanyat el Premi Weleda Open Garden 2021-22 (premi nacional d\u2019horts escolars ecol\u00f2gics).<\/p>\n\n\n\n<p>Es tracta d\u2019un projecte que el centre educatiu va posar en marxa fa set anys per fomentar la cohesi\u00f3 social entre diferents grups d&#8217;edat i per afavorir l&#8217;experimentaci\u00f3 espont\u00e0nia i el creixement personal, en contacte amb la natura. Des d\u2019aleshores, l\u2019activitat que l\u2019escola fa al voltant de l\u2019hort, tamb\u00e9 ha rebut el primer premi al Concurs d\u2019Horts Escolars Ecol\u00f2gics de Catalunya (2017-18) i el curs passat va ser reconegut pel Departament d\u2019Educaci\u00f3 com a projecte innovador.<\/p>\n\n\n\n<p>\u201cL\u2019hort s\u2019ha convertit en una eina educativa molt atractiva, que dona un impuls nou a la curiositat i a les ganes d\u2019aprendre i experimentar. Per tant, \u00e9s un espai m\u00e9s d\u2019aprenentatge de l\u2019escola i per aix\u00f2 compta amb el suport necessari per poder-lo fer funcionar, igual que les resta d\u2019aules del centre\u201d, expliquen els responsables de La Sardana al seu web.<\/p>\n\n\n\n<p>Des del curs 2012-13, el centre \u00e9s l\u2019\u00fanica escola verda de Badia del Vall\u00e8s. D\u2019aquesta manera, el comprom\u00eds amb el medi ambient que La Sardana feia anys que duia a terme va mer\u00e8ixer un reconeixement institucional.<\/p>\n\n\n\n<p>Altres exemples de com el contacte amb la natura est\u00e0 integrat en el dia a dia de l\u2019escola s\u00f3n la jugateca ambiental (un espai on els alumnes dibuixen, juguen, aprenen o llegeixen), inaugurada a l\u2019hort el curs 2019-2020, o la instauraci\u00f3 dels <em>hortimecres<\/em>, en qu\u00e8 s\u2019organitzen tallers per practicar el manteniment de l\u2019hort.<br><\/p>\n\n\n\n<figure class=\"wp-block-embed is-type-video is-provider-youtube wp-block-embed-youtube wp-embed-aspect-16-9 wp-has-aspect-ratio\"><div class=\"wp-block-embed__wrapper\">\n<iframe title=\"10 Escola La Sardana\" width=\"1170\" height=\"658\" src=\"https:\/\/www.youtube.com\/embed\/ON9-z4ZcHko?feature=oembed\" frameborder=\"0\" allow=\"accelerometer; autoplay; clipboard-write; encrypted-media; gyroscope; picture-in-picture\" allowfullscreen><\/iframe>\n<\/div><\/figure>\n","protected":false},"excerpt":{"rendered":"<p>El centre La Sardana, guanyador amb el projecte \u201cEstima\u2019t l\u2019hort\u201d \u201cEstima\u2019t l\u2019hort\u201d, la iniciativa de l\u2019escola La Sardana de Badia del Vall\u00e8s que utilitza un hort com a eina educativa, ha guanyat el Premi Weleda Open Garden 2021-22 (premi nacional d\u2019horts escolars ecol\u00f2gics). Es tracta d\u2019un projecte que el centre educatiu va posar en marxa [&hellip;]<\/p>\n","protected":false},"author":38,"featured_media":953,"comment_status":"closed","ping_status":"open","sticky":false,"template":"","format":"standard","meta":{"_oasis_is_in_workflow":0,"_oasis_original":0,"ngg_post_thumbnail":0},"categories":[1,183],"tags":[79,70,69,30],"_links":{"self":[{"href":"https:\/\/blogs.amb.cat\/alimentaciometropolitana\/wp-json\/wp\/v2\/posts\/952"}],"collection":[{"href":"https:\/\/blogs.amb.cat\/alimentaciometropolitana\/wp-json\/wp\/v2\/posts"}],"about":[{"href":"https:\/\/blogs.amb.cat\/alimentaciometropolitana\/wp-json\/wp\/v2\/types\/post"}],"author":[{"embeddable":true,"href":"https:\/\/blogs.amb.cat\/alimentaciometropolitana\/wp-json\/wp\/v2\/users\/38"}],"replies":[{"embeddable":true,"href":"https:\/\/blogs.amb.cat\/alimentaciometropolitana\/wp-json\/wp\/v2\/comments?post=952"}],"version-history":[{"count":4,"href":"https:\/\/blogs.amb.cat\/alimentaciometropolitana\/wp-json\/wp\/v2\/posts\/952\/revisions"}],"predecessor-version":[{"id":980,"href":"https:\/\/blogs.amb.cat\/alimentaciometropolitana\/wp-json\/wp\/v2\/posts\/952\/revisions\/980"}],"wp:featuredmedia":[{"embeddable":true,"href":"https:\/\/blogs.amb.cat\/alimentaciometropolitana\/wp-json\/wp\/v2\/media\/953"}],"wp:attachment":[{"href":"https:\/\/blogs.amb.cat\/alimentaciometropolitana\/wp-json\/wp\/v2\/media?parent=952"}],"wp:term":[{"taxonomy":"category","embeddable":true,"href":"https:\/\/blogs.amb.cat\/alimentaciometropolitana\/wp-json\/wp\/v2\/categories?post=952"},{"taxonomy":"post_tag","embeddable":true,"href":"https:\/\/blogs.amb.cat\/alimentaciometropolitana\/wp-json\/wp\/v2\/tags?post=952"}],"curies":[{"name":"wp","href":"https:\/\/api.w.org\/{rel}","templated":true}]}}