
 







{"id":964,"date":"2022-04-18T08:12:00","date_gmt":"2022-04-18T06:12:00","guid":{"rendered":"https:\/\/blogs.amb.cat\/alimentaciometropolitana\/?p=964"},"modified":"2025-03-18T10:18:55","modified_gmt":"2025-03-18T08:18:55","slug":"si-arriba-maig-es-temps-desparrec-de-gava","status":"publish","type":"post","link":"https:\/\/blogs.amb.cat\/alimentaciometropolitana\/2022\/04\/18\/si-arriba-maig-es-temps-desparrec-de-gava\/","title":{"rendered":"Si arriba maig, \u00e9s temps d&#8217;esp\u00e0rrec de Gav\u00e0"},"content":{"rendered":"\n<p class=\"has-medium-font-size\">La ciutat celebra aquest aliment local amb un programa d&#8217;activitats entre el 22 d&#8217;abril i el 8 de maig&nbsp;<\/p>\n\n\n\n<p>Dos anys despr\u00e9s de no poder viure la <a rel=\"noreferrer noopener\" href=\"https:\/\/firaesparrecs.cat\/\" target=\"_blank\">Fira de l&#8217;esp\u00e0rrec<\/a> de Gav\u00e0 a causa de la pand\u00e8mia, el festeig torna i commemora el 90\u00e8 aniversari. Entre el 22 d&#8217;abril i el 8 de maig, sota el nom de &#8220;Temps d&#8217;esp\u00e0rrecs&#8221;, l&#8217;Ajuntament ha programat un conjunt d&#8217;activitats per tota la ciutat amb l&#8217;esp\u00e0rrec local com a protagonista. Propostes gastron\u00f2miques, agr\u00edcoles, esportives, muscials i expositives per a tots els p\u00fablics.<\/p>\n\n\n\n<p>Per celebrar els 90 anys de la fira, enguany s&#8217;han preparat 90 activitats. Entre les relacionades amb l&#8217;alimentaci\u00f3, destaquen el mercat de pag\u00e8s, on els productors locals vendran esp\u00e0rrecs i altres aliments de proximitat; la mostra comercial i artesanal; un espai familiar per apropar l&#8217;agricultura i la sostenibilitat a les criatures mitjan\u00e7ant tallers, la fira agr\u00edcola i l&#8217;espai gastron\u00f2mic.<\/p>\n\n\n\n<p>Com \u00e9s tradici\u00f3 des del 1932, la fira agr\u00edcola acollir\u00e0 l&#8217;exposici\u00f3 del Concurs d&#8217;Esp\u00e0rrecs i Paneres, una mostra de la capacitat creativa de la pagesia gavanenca a l&#8217;hora de fer composicions art\u00edstiques amb productes del camp, llavors i fruita fresca.<\/p>\n\n\n\n<p>Els dies 29 i 30 d&#8217;abril i 1 de maig se celebrar\u00e0 Gavatast, l&#8217;espai gastron\u00f2mic de la fira en qu\u00e8 una quinzena de restaurants de la ciutat elaboraran tapes amb l&#8217;esp\u00e0rrec local com a protagonista. I per als qui vulguin una oferta gastron\u00f2mica m\u00e9s completa, entre el 22 d&#8217;abril i el 8 de maig els mateixos restaurants oferiran men\u00fas i plats amb esp\u00e0rrecs de Gav\u00e0.<\/p>\n\n\n\n<p>A m\u00e9s, entre el 26 d&#8217;abril i l&#8217;1 de maig, a la pla\u00e7a Francesc Maci\u00e0 s&#8217;hi exhibir\u00e0 <a href=\"https:\/\/blogs.amb.cat\/alimentaciometropolitana\/2021\/11\/01\/per-una-alimentacio-sostenible-actuem-lexposicio-que-recorre-barcelona\/\">\u201cCap a una alimentaci\u00f3 sostenible. Actuem!\u201d<\/a>, una exposici\u00f3 itinerant organitzada per l&#8217;\u00c0rea Metropolitana de Barcelona.<\/p>\n\n\n\n<p>Podeu consultar el programa complet de l&#8217;esdeveniment <a href=\"https:\/\/firaesparrecs.cat\/\" target=\"_blank\" rel=\"noreferrer noopener\">aqu\u00ed<\/a>.<\/p>\n","protected":false},"excerpt":{"rendered":"<p>La ciutat celebra aquest aliment local amb un programa d&#8217;activitats entre el 22 d&#8217;abril i el 8 de maig&nbsp; Dos anys despr\u00e9s de no poder viure la Fira de l&#8217;esp\u00e0rrec de Gav\u00e0 a causa de la pand\u00e8mia, el festeig torna i commemora el 90\u00e8 aniversari. Entre el 22 d&#8217;abril i el 8 de maig, sota [&hellip;]<\/p>\n","protected":false},"author":45,"featured_media":968,"comment_status":"closed","ping_status":"open","sticky":false,"template":"","format":"standard","meta":{"_oasis_is_in_workflow":0,"_oasis_original":0,"ngg_post_thumbnail":0},"categories":[186,1],"tags":[167,141,39,128,44],"_links":{"self":[{"href":"https:\/\/blogs.amb.cat\/alimentaciometropolitana\/wp-json\/wp\/v2\/posts\/964"}],"collection":[{"href":"https:\/\/blogs.amb.cat\/alimentaciometropolitana\/wp-json\/wp\/v2\/posts"}],"about":[{"href":"https:\/\/blogs.amb.cat\/alimentaciometropolitana\/wp-json\/wp\/v2\/types\/post"}],"author":[{"embeddable":true,"href":"https:\/\/blogs.amb.cat\/alimentaciometropolitana\/wp-json\/wp\/v2\/users\/45"}],"replies":[{"embeddable":true,"href":"https:\/\/blogs.amb.cat\/alimentaciometropolitana\/wp-json\/wp\/v2\/comments?post=964"}],"version-history":[{"count":6,"href":"https:\/\/blogs.amb.cat\/alimentaciometropolitana\/wp-json\/wp\/v2\/posts\/964\/revisions"}],"predecessor-version":[{"id":977,"href":"https:\/\/blogs.amb.cat\/alimentaciometropolitana\/wp-json\/wp\/v2\/posts\/964\/revisions\/977"}],"wp:featuredmedia":[{"embeddable":true,"href":"https:\/\/blogs.amb.cat\/alimentaciometropolitana\/wp-json\/wp\/v2\/media\/968"}],"wp:attachment":[{"href":"https:\/\/blogs.amb.cat\/alimentaciometropolitana\/wp-json\/wp\/v2\/media?parent=964"}],"wp:term":[{"taxonomy":"category","embeddable":true,"href":"https:\/\/blogs.amb.cat\/alimentaciometropolitana\/wp-json\/wp\/v2\/categories?post=964"},{"taxonomy":"post_tag","embeddable":true,"href":"https:\/\/blogs.amb.cat\/alimentaciometropolitana\/wp-json\/wp\/v2\/tags?post=964"}],"curies":[{"name":"wp","href":"https:\/\/api.w.org\/{rel}","templated":true}]}}