
 







{"id":984,"date":"2022-04-22T17:40:00","date_gmt":"2022-04-22T15:40:00","guid":{"rendered":"https:\/\/blogs.amb.cat\/alimentaciometropolitana\/?p=984"},"modified":"2025-01-15T16:28:33","modified_gmt":"2025-01-15T14:28:33","slug":"lamb-ha-executat-mes-de-dos-tercos-del-pla-daccio-per-lalimentacio-sostenible-2020-2023","status":"publish","type":"post","link":"https:\/\/blogs.amb.cat\/alimentaciometropolitana\/2022\/04\/22\/lamb-ha-executat-mes-de-dos-tercos-del-pla-daccio-per-lalimentacio-sostenible-2020-2023\/","title":{"rendered":"L\u2019AMB ha executat m\u00e9s de dos ter\u00e7os del Pla d\u2019acci\u00f3 per a l\u2019alimentaci\u00f3 sostenible 2020-2023"},"content":{"rendered":"\n<p class=\"has-medium-font-size\">El document cont\u00e9 32 accions organitzades en set eixos<\/p>\n\n\n\n<p>El comprom\u00eds de l\u2019\u00c0rea Metropolitana de Barcelona (AMB) amb l\u2019alimentaci\u00f3 responsable i respectuosa pren forma. El <a href=\"https:\/\/blogs.amb.cat\/alimentaciometropolitana\/2021\/04\/09\/lamb-presenta-el-pla-daccio-per-a-lalimentacio-sostenible\/\">Pla d\u2019acci\u00f3 per a l\u2019alimentaci\u00f3 sostenible 2020-2023<\/a> s&#8217;organitza en set eixos, que contenen 32 accions, 22 de les quals (el 69&nbsp;%) ja s&#8217;han materialitzat des de l\u2019any passat. Les deu restants estan en proc\u00e9s de realitzaci\u00f3.<\/p>\n\n\n\n<div class=\"wp-block-group\"><div class=\"wp-block-group__inner-container\">\n<div class=\"wp-block-columns\">\n<div class=\"wp-block-column\" style=\"flex-basis:100%\">\n<div class=\"wp-block-image\"><figure class=\"aligncenter size-large is-resized\"><img src=\"https:\/\/blogs.amb.cat\/alimentaciometropolitana\/wp-content\/uploads\/sites\/14\/2022\/04\/pla-accio-as-1024x946.png\" alt=\"\" class=\"wp-image-1010\" width=\"524\" height=\"482\" \/><\/figure><\/div>\n<\/div>\n<\/div>\n<\/div><\/div>\n\n\n\n<p>El <a href=\"https:\/\/www.amb.cat\/es\/web\/amb\/actualitat\/publicacions\/detall\/-\/publicacio\/pla-d-accio-per-a-l-alimentacio-sostenible\/10500159\/11696\">document<\/a> recull els objectius de l\u2019AMB per aconseguir uns sistemes alimentaris resilients i posar en valor el territori i les economies locals. Es tracta d\u2019una guia per ordenar els recursos i les infraestructures metropolitans relacionats amb l\u2019alimentaci\u00f3 sostenible i, d\u2019aquesta manera, facilitar l\u2019impuls de pol\u00edtiques locals en aquest \u00e0mbit per part dels 36 ajuntaments metropolitans.<\/p>\n\n\n\n<p>De l\u2019eix n\u00famero 1, corresponent a &#8220;Governan\u00e7a transversal i pol\u00edtiques p\u00fabliques&#8221;, s\u2019han executat l\u2019adhesi\u00f3 de l\u2019AMB a la <a href=\"https:\/\/blogs.amb.cat\/alimentaciometropolitana\/2021\/04\/09\/lamb-presenta-el-pla-daccio-per-a-lalimentacio-sostenible\/\">Carta Aliment\u00e0ria de la Regi\u00f3 Metropolitana (CARM)<\/a>, la signatura del <a href=\"https:\/\/blogs.amb.cat\/alimentaciometropolitana\/2021\/07\/27\/lamb-signa-el-pacte-de-mila-2\/\">Pacte de Mil\u00e0<\/a>, l\u2019aprovaci\u00f3 del mateix Pla d\u2019acci\u00f3 o l&#8217;establiment dels interlocutors pol\u00edtics i t\u00e8cnics dels municipis encarregats dels aspectes relacionats amb l&#8217;alimentaci\u00f3 sostenible.<\/p>\n\n\n\n<p>Del segon eix, &#8220;Coneixement i comunicaci\u00f3 de l\u2019alimentaci\u00f3 sostenible&#8221;, se n\u2019ha materialitzat el <a href=\"https:\/\/www.amb.cat\/web\/amb\/alimentacio\">web<\/a> i el <a href=\"https:\/\/blogs.amb.cat\/alimentaciometropolitana\/\">blog<\/a> espec\u00edfics dins el web de l\u2019AMB, l\u2019elaboraci\u00f3 d\u2019estudis per territorialitzar el sistema alimentari metropolit\u00e0 o assegurar la incorporaci\u00f3 de pol\u00edtiques aliment\u00e0ries dins el pla estrat\u00e8gic <a href=\"https:\/\/www.amb.cat\/web\/amb\/actualitat\/noticies\/detall\/-\/noticia\/barcelona-dema\/9372236\/11696\">Barcelona Dem\u00e0 2030<\/a>.<\/p>\n\n\n\n<div class=\"wp-block-image\"><figure class=\"aligncenter size-large is-resized\"><img src=\"https:\/\/blogs.amb.cat\/alimentaciometropolitana\/wp-content\/uploads\/sites\/14\/2022\/04\/pla-accio\u0301-as-detall-1024x818.png\" alt=\"\" class=\"wp-image-1011\" width=\"690\" height=\"550\" srcset=\"https:\/\/blogs.amb.cat\/alimentaciometropolitana\/wp-content\/uploads\/sites\/14\/2022\/04\/pla-accio\u0301-as-detall-1024x818.png 1024w, https:\/\/blogs.amb.cat\/alimentaciometropolitana\/wp-content\/uploads\/sites\/14\/2022\/04\/pla-accio\u0301-as-detall-300x240.png 300w, https:\/\/blogs.amb.cat\/alimentaciometropolitana\/wp-content\/uploads\/sites\/14\/2022\/04\/pla-accio\u0301-as-detall-768x613.png 768w, https:\/\/blogs.amb.cat\/alimentaciometropolitana\/wp-content\/uploads\/sites\/14\/2022\/04\/pla-accio\u0301-as-detall.png 1240w\" sizes=\"(max-width: 690px) 100vw, 690px\" \/><\/figure><\/div>\n\n\n\n<p>El tercer eix, &#8220;Ordenaci\u00f3 territorial i infraestructures&#8221;, s\u2019ha acomplert al 100 %. I aix\u00f2 es tradueix en qu\u00e8 s\u2019est\u00e0 fent un seguiment de l&#8217;elaboraci\u00f3 del <a href=\"https:\/\/urbanisme.amb.cat\/\">Pla director urban\u00edstic metropolit\u00e0<\/a> per assegurar la implementaci\u00f3 de les mesures m\u00e9s vinculades a l\u2019alimentaci\u00f3 sostenible, i s\u2019han dut a terme accions relacionades amb les infraestructures del cicle de l\u2019aigua i de la gesti\u00f3 de residus.<\/p>\n\n\n\n<p>El quart eix, &#8220;Incentivar la producci\u00f3 aliment\u00e0ria sostenible&#8221;, tamb\u00e9 s\u2019ha completat. En aquest cas, amb mesures com impulsar i donar suport al Parc Agrari del Baix Llobregat, a la producci\u00f3 agr\u00e0ria del Parc de Collserola, del Parc de la Serralada de la Marina i de les Muntanyes del Baix, aix\u00ed com amb la promoci\u00f3 d\u2019experi\u00e8ncies agr\u00edcoles i de pesca diverses dins la regi\u00f3 metropolitana, entre altres accions.<\/p>\n\n\n\n<p>De &#8220;Facilitar la distribuci\u00f3 i comercialitzaci\u00f3 i reduir el malbaratament&#8221;, que \u00e9s el cinqu\u00e8 eix, se n\u2019ha fet m\u00e9s de la meitat. Fins ara s\u2019han fet accions per impulsar el comer\u00e7 de proximitat i s\u2019han dut a terme projectes amb el sector de la restauraci\u00f3 i la gastronomia sostenibles.<\/p>\n","protected":false},"excerpt":{"rendered":"<p>El document cont\u00e9 32 accions organitzades en set eixos El comprom\u00eds de l\u2019\u00c0rea Metropolitana de Barcelona (AMB) amb l\u2019alimentaci\u00f3 responsable i respectuosa pren forma. El Pla d\u2019acci\u00f3 per a l\u2019alimentaci\u00f3 sostenible 2020-2023 s&#8217;organitza en set eixos, que contenen 32 accions, 22 de les quals (el 69&nbsp;%) ja s&#8217;han materialitzat des de l\u2019any passat. Les deu [&hellip;]<\/p>\n","protected":false},"author":38,"featured_media":986,"comment_status":"closed","ping_status":"open","sticky":false,"template":"","format":"standard","meta":{"_oasis_is_in_workflow":0,"_oasis_original":0,"ngg_post_thumbnail":0},"categories":[1],"tags":[14,13,169],"_links":{"self":[{"href":"https:\/\/blogs.amb.cat\/alimentaciometropolitana\/wp-json\/wp\/v2\/posts\/984"}],"collection":[{"href":"https:\/\/blogs.amb.cat\/alimentaciometropolitana\/wp-json\/wp\/v2\/posts"}],"about":[{"href":"https:\/\/blogs.amb.cat\/alimentaciometropolitana\/wp-json\/wp\/v2\/types\/post"}],"author":[{"embeddable":true,"href":"https:\/\/blogs.amb.cat\/alimentaciometropolitana\/wp-json\/wp\/v2\/users\/38"}],"replies":[{"embeddable":true,"href":"https:\/\/blogs.amb.cat\/alimentaciometropolitana\/wp-json\/wp\/v2\/comments?post=984"}],"version-history":[{"count":6,"href":"https:\/\/blogs.amb.cat\/alimentaciometropolitana\/wp-json\/wp\/v2\/posts\/984\/revisions"}],"predecessor-version":[{"id":1032,"href":"https:\/\/blogs.amb.cat\/alimentaciometropolitana\/wp-json\/wp\/v2\/posts\/984\/revisions\/1032"}],"wp:featuredmedia":[{"embeddable":true,"href":"https:\/\/blogs.amb.cat\/alimentaciometropolitana\/wp-json\/wp\/v2\/media\/986"}],"wp:attachment":[{"href":"https:\/\/blogs.amb.cat\/alimentaciometropolitana\/wp-json\/wp\/v2\/media?parent=984"}],"wp:term":[{"taxonomy":"category","embeddable":true,"href":"https:\/\/blogs.amb.cat\/alimentaciometropolitana\/wp-json\/wp\/v2\/categories?post=984"},{"taxonomy":"post_tag","embeddable":true,"href":"https:\/\/blogs.amb.cat\/alimentaciometropolitana\/wp-json\/wp\/v2\/tags?post=984"}],"curies":[{"name":"wp","href":"https:\/\/api.w.org\/{rel}","templated":true}]}}