
 







{"id":1002,"date":"2018-11-14T16:51:31","date_gmt":"2018-11-14T16:51:31","guid":{"rendered":"http:\/\/blogs.amb.cat\/bicicleta\/?p=1002"},"modified":"2020-12-15T12:51:00","modified_gmt":"2020-12-15T12:51:00","slug":"vols-una-bici-electrica-estalvia-250-e","status":"publish","type":"post","link":"https:\/\/blogs.amb.cat\/bicicleta\/ca\/2018\/11\/14\/vols-una-bici-electrica-estalvia-250-e\/","title":{"rendered":"Vols una bici el\u00e8ctrica? Estalvia 250 \u20ac!"},"content":{"rendered":"<p>A partir de dem\u00e0\u00a0<strong>15\u00a0de novembre<\/strong>\u00a0torneu a tenir disponible la\u00a0subvenci\u00f3 de l\u2019AMB per a la compra de bicicletes el\u00e8ctriques per a particulars i empreses, amb 250 euros de subvenci\u00f3 per a un total de 500 bicicletes.<\/p>\n<p>Les bicicletes adquirides hauran de ser noves, amb un preu m\u00e0xim abans d\u2019aplicar la subvenci\u00f3 de 1.350\u20ac (IVA incl\u00f2s) i comprades en els\u00a0<a href=\"https:\/\/bop.diba.cat\/scripts\/ftpisa.aspx?fnew?bop2018&amp;07\/022018013588.pdf&amp;1\" target=\"_blank\" rel=\"noopener\">establiments metropolitans adherits<\/a>\u00a0(en trobar\u00e0s a Badalona, Barcelona, Begues, Cerdanyola del Vall\u00e8s, Esplugues de Llobregat, l\u2019Hospitalet de Llobregat, Ripollet, Sant Adri\u00e0 de Bes\u00f2s, Sant Boi de Llobregat, Sant Cugat del Vall\u00e8s i Sant Just Desvern).<\/p>\n<p><a href=\"https:\/\/blogs.amb.cat\/bicicleta\/wp-content\/uploads\/sites\/5\/2018\/11\/BiciElectr_Flyers_2018_105x165_lowres3-001.jpg\"><img class=\" size-full wp-image-1003 aligncenter\" src=\"https:\/\/blogs.amb.cat\/bicicleta\/wp-content\/uploads\/sites\/5\/2018\/11\/BiciElectr_Flyers_2018_105x165_lowres3-001.jpg\" alt=\"BiciElectr_Flyers_2018_10,5x16,5_lowres3-001\" width=\"595\" height=\"941\" srcset=\"https:\/\/blogs.amb.cat\/bicicleta\/wp-content\/uploads\/sites\/5\/2018\/11\/BiciElectr_Flyers_2018_105x165_lowres3-001.jpg 595w, https:\/\/blogs.amb.cat\/bicicleta\/wp-content\/uploads\/sites\/5\/2018\/11\/BiciElectr_Flyers_2018_105x165_lowres3-001-190x300.jpg 190w\" sizes=\"(max-width: 595px) 100vw, 595px\" \/><\/a><\/p>\n<p><a href=\"https:\/\/blogs.amb.cat\/bicicleta\/wp-content\/uploads\/sites\/5\/2018\/11\/BiciElectr_Flyers_2018_105x165_lowres3-002.jpg\"><img class=\" size-large wp-image-1004 aligncenter\" src=\"https:\/\/blogs.amb.cat\/bicicleta\/wp-content\/uploads\/sites\/5\/2018\/11\/BiciElectr_Flyers_2018_105x165_lowres3-002.jpg\" alt=\"BiciElectr_Flyers_2018_10,5x16,5_lowres3-002\" width=\"595\" height=\"941\" srcset=\"https:\/\/blogs.amb.cat\/bicicleta\/wp-content\/uploads\/sites\/5\/2018\/11\/BiciElectr_Flyers_2018_105x165_lowres3-002.jpg 595w, https:\/\/blogs.amb.cat\/bicicleta\/wp-content\/uploads\/sites\/5\/2018\/11\/BiciElectr_Flyers_2018_105x165_lowres3-002-190x300.jpg 190w\" sizes=\"(max-width: 595px) 100vw, 595px\" \/><\/a><\/p>\n<p><a href=\"https:\/\/bop.diba.cat\/scripts\/ftpisa.aspx?fnew?bop2018&amp;11\/022018022170.pdf&amp;1\" target=\"_blank\" rel=\"noopener\">Publicaci\u00f3 en el BOPB<\/a>\u00a014\/11\/2018<\/p>\n","protected":false},"excerpt":{"rendered":"<p>A partir de dem\u00e0\u00a015\u00a0de novembre\u00a0torneu a tenir disponible la\u00a0subvenci\u00f3 de l\u2019AMB per a la compra de bicicletes el\u00e8ctriques per a particulars i empreses, amb 250 euros de subvenci\u00f3 per a un total de 500 bicicletes. Les bicicletes adquirides hauran de ser noves, amb un preu m\u00e0xim abans d\u2019aplicar la subvenci\u00f3 de 1.350\u20ac (IVA incl\u00f2s) i [&hellip;]<\/p>\n","protected":false},"author":13,"featured_media":882,"comment_status":"closed","ping_status":"open","sticky":false,"template":"","format":"standard","meta":{"_oasis_is_in_workflow":0,"_oasis_original":0,"ngg_post_thumbnail":0},"categories":[20],"tags":[56,28,30,92],"_links":{"self":[{"href":"https:\/\/blogs.amb.cat\/bicicleta\/wp-json\/wp\/v2\/posts\/1002"}],"collection":[{"href":"https:\/\/blogs.amb.cat\/bicicleta\/wp-json\/wp\/v2\/posts"}],"about":[{"href":"https:\/\/blogs.amb.cat\/bicicleta\/wp-json\/wp\/v2\/types\/post"}],"author":[{"embeddable":true,"href":"https:\/\/blogs.amb.cat\/bicicleta\/wp-json\/wp\/v2\/users\/13"}],"replies":[{"embeddable":true,"href":"https:\/\/blogs.amb.cat\/bicicleta\/wp-json\/wp\/v2\/comments?post=1002"}],"version-history":[{"count":2,"href":"https:\/\/blogs.amb.cat\/bicicleta\/wp-json\/wp\/v2\/posts\/1002\/revisions"}],"predecessor-version":[{"id":1574,"href":"https:\/\/blogs.amb.cat\/bicicleta\/wp-json\/wp\/v2\/posts\/1002\/revisions\/1574"}],"wp:featuredmedia":[{"embeddable":true,"href":"https:\/\/blogs.amb.cat\/bicicleta\/wp-json\/wp\/v2\/media\/882"}],"wp:attachment":[{"href":"https:\/\/blogs.amb.cat\/bicicleta\/wp-json\/wp\/v2\/media?parent=1002"}],"wp:term":[{"taxonomy":"category","embeddable":true,"href":"https:\/\/blogs.amb.cat\/bicicleta\/wp-json\/wp\/v2\/categories?post=1002"},{"taxonomy":"post_tag","embeddable":true,"href":"https:\/\/blogs.amb.cat\/bicicleta\/wp-json\/wp\/v2\/tags?post=1002"}],"curies":[{"name":"wp","href":"https:\/\/api.w.org\/{rel}","templated":true}]}}