
 







{"id":257,"date":"2017-03-10T06:47:50","date_gmt":"2017-03-10T06:47:50","guid":{"rendered":"http:\/\/blogs.amb.cat\/bicicleta\/?p=257"},"modified":"2020-12-15T12:51:11","modified_gmt":"2020-12-15T12:51:11","slug":"la-uab-per-la-mobilitat-sostenible","status":"publish","type":"post","link":"https:\/\/blogs.amb.cat\/bicicleta\/ca\/2017\/03\/10\/la-uab-per-la-mobilitat-sostenible\/","title":{"rendered":"La UAB per la mobilitat sostenible"},"content":{"rendered":"<p>Els dies 8,9 i 10 de mar\u00e7 la UAB ha organitzat la <strong>I Confer\u00e8ncia Europea sobre la Mobilitat Sostenible a les Universitats<\/strong>, un espai per a qu\u00e8 les universitats europees i de m\u00e9s enll\u00e0 comparteixin necessitats, problem\u00e0tiques i diferents solucions per millorar l&#8217;accessibilitat i la mobilitat sostenible.&nbsp;<a href=\"http:\/\/2017bcn.u-mob.eu\/es\/\" target=\"_blank\" rel=\"noopener noreferrer\">Aqu\u00ed<\/a> pots veure tota la informaci\u00f3.<\/p>\n<p><a href=\"https:\/\/blogs.amb.cat\/bicicleta\/wp-content\/uploads\/sites\/5\/2017\/03\/20170309_221643.jpg\"><img class=\"alignnone wp-image-261 size-medium\" src=\"https:\/\/blogs.amb.cat\/bicicleta\/wp-content\/uploads\/sites\/5\/2017\/03\/20170309_221643-300x225.jpg\" alt=\"20170309_221643\" width=\"300\" height=\"225\" srcset=\"https:\/\/blogs.amb.cat\/bicicleta\/wp-content\/uploads\/sites\/5\/2017\/03\/20170309_221643-300x225.jpg 300w, https:\/\/blogs.amb.cat\/bicicleta\/wp-content\/uploads\/sites\/5\/2017\/03\/20170309_221643-1024x769.jpg 1024w, https:\/\/blogs.amb.cat\/bicicleta\/wp-content\/uploads\/sites\/5\/2017\/03\/20170309_221643-640x480.jpg 640w, https:\/\/blogs.amb.cat\/bicicleta\/wp-content\/uploads\/sites\/5\/2017\/03\/20170309_221643.jpg 1820w\" sizes=\"(max-width: 300px) 100vw, 300px\" \/><\/a>&nbsp;&nbsp;<a href=\"https:\/\/blogs.amb.cat\/bicicleta\/wp-content\/uploads\/sites\/5\/2017\/03\/20170309_132630.jpg\"><img class=\"alignnone wp-image-262 size-medium\" src=\"https:\/\/blogs.amb.cat\/bicicleta\/wp-content\/uploads\/sites\/5\/2017\/03\/20170309_132630-300x225.jpg\" alt=\"20170309_132630\" width=\"300\" height=\"225\" srcset=\"https:\/\/blogs.amb.cat\/bicicleta\/wp-content\/uploads\/sites\/5\/2017\/03\/20170309_132630-300x225.jpg 300w, https:\/\/blogs.amb.cat\/bicicleta\/wp-content\/uploads\/sites\/5\/2017\/03\/20170309_132630-1024x768.jpg 1024w, https:\/\/blogs.amb.cat\/bicicleta\/wp-content\/uploads\/sites\/5\/2017\/03\/20170309_132630-640x480.jpg 640w\" sizes=\"(max-width: 300px) 100vw, 300px\" \/><\/a><\/p>\n<p>En el marc d&#8217;aquesta confer\u00e8ncia, la UAB ha explicat el projecte <a href=\"https:\/\/www.uab.cat\/web\/mitjans-de-transport\/el-servei-biciuab-1345743867971.html\" target=\"_blank\" rel=\"noopener noreferrer\">BICIUAB<\/a>, que t\u00e9 com a objectiu promoure l&#8217;\u00fas de la bicicleta en els despla\u00e7aments del campus, ja siguin combinats o no amb el ferrocarril. Aquest servei, que ser\u00e0 possible gr\u00e0cies a la col\u00b7laboraci\u00f3 d&#8217;<a href=\"http:\/\/www.fgc.cat\" target=\"_blank\" rel=\"noopener noreferrer\">FGC<\/a> i de l&#8217;<a href=\"http:\/\/www.amb.cat\" target=\"_blank\" rel=\"noopener noreferrer\">AMB<\/a>, est\u00e0 previst que s&#8217;inauguri el proper&nbsp;<strong>27 de mar\u00e7<\/strong>, per\u00f2 us deixem aqu\u00ed unes fotos per tal que pugueu veure ja part de la infraestructura disponible.<\/p>\n<p><a href=\"https:\/\/blogs.amb.cat\/bicicleta\/wp-content\/uploads\/sites\/5\/2017\/03\/20170309_154510.jpg\"><img class=\"alignnone wp-image-259 size-medium\" src=\"https:\/\/blogs.amb.cat\/bicicleta\/wp-content\/uploads\/sites\/5\/2017\/03\/20170309_154510-300x225.jpg\" alt=\"20170309_154510\" width=\"300\" height=\"225\" srcset=\"https:\/\/blogs.amb.cat\/bicicleta\/wp-content\/uploads\/sites\/5\/2017\/03\/20170309_154510-300x225.jpg 300w, https:\/\/blogs.amb.cat\/bicicleta\/wp-content\/uploads\/sites\/5\/2017\/03\/20170309_154510-1024x768.jpg 1024w, https:\/\/blogs.amb.cat\/bicicleta\/wp-content\/uploads\/sites\/5\/2017\/03\/20170309_154510-640x480.jpg 640w, https:\/\/blogs.amb.cat\/bicicleta\/wp-content\/uploads\/sites\/5\/2017\/03\/20170309_154510.jpg 2016w\" sizes=\"(max-width: 300px) 100vw, 300px\" \/><\/a>&nbsp;&nbsp;<a href=\"https:\/\/blogs.amb.cat\/bicicleta\/wp-content\/uploads\/sites\/5\/2017\/03\/20170309_154257.jpg\"><img class=\"alignnone wp-image-260 size-medium\" src=\"https:\/\/blogs.amb.cat\/bicicleta\/wp-content\/uploads\/sites\/5\/2017\/03\/20170309_154257-300x225.jpg\" alt=\"20170309_154257\" width=\"300\" height=\"225\" srcset=\"https:\/\/blogs.amb.cat\/bicicleta\/wp-content\/uploads\/sites\/5\/2017\/03\/20170309_154257-300x225.jpg 300w, https:\/\/blogs.amb.cat\/bicicleta\/wp-content\/uploads\/sites\/5\/2017\/03\/20170309_154257-1024x768.jpg 1024w, https:\/\/blogs.amb.cat\/bicicleta\/wp-content\/uploads\/sites\/5\/2017\/03\/20170309_154257-640x480.jpg 640w, https:\/\/blogs.amb.cat\/bicicleta\/wp-content\/uploads\/sites\/5\/2017\/03\/20170309_154257.jpg 2016w\" sizes=\"(max-width: 300px) 100vw, 300px\" \/><\/a><\/p>\n","protected":false},"excerpt":{"rendered":"<p>Els dies 8,9 i 10 de mar\u00e7 la UAB ha organitzat la I Confer\u00e8ncia Europea sobre la Mobilitat Sostenible a les Universitats, un espai per a qu\u00e8 les universitats europees i de m\u00e9s enll\u00e0 comparteixin necessitats, problem\u00e0tiques i diferents solucions per millorar l&#8217;accessibilitat i la mobilitat sostenible.&nbsp;Aqu\u00ed pots veure tota la informaci\u00f3. &nbsp;&nbsp; En el [&hellip;]<\/p>\n","protected":false},"author":13,"featured_media":265,"comment_status":"closed","ping_status":"open","sticky":false,"template":"","format":"standard","meta":{"_oasis_is_in_workflow":0,"_oasis_original":0,"ngg_post_thumbnail":0},"categories":[20,24],"tags":[32,480,178,150,186,482,160,476,180,174,182],"_links":{"self":[{"href":"https:\/\/blogs.amb.cat\/bicicleta\/wp-json\/wp\/v2\/posts\/257"}],"collection":[{"href":"https:\/\/blogs.amb.cat\/bicicleta\/wp-json\/wp\/v2\/posts"}],"about":[{"href":"https:\/\/blogs.amb.cat\/bicicleta\/wp-json\/wp\/v2\/types\/post"}],"author":[{"embeddable":true,"href":"https:\/\/blogs.amb.cat\/bicicleta\/wp-json\/wp\/v2\/users\/13"}],"replies":[{"embeddable":true,"href":"https:\/\/blogs.amb.cat\/bicicleta\/wp-json\/wp\/v2\/comments?post=257"}],"version-history":[{"count":4,"href":"https:\/\/blogs.amb.cat\/bicicleta\/wp-json\/wp\/v2\/posts\/257\/revisions"}],"predecessor-version":[{"id":1489,"href":"https:\/\/blogs.amb.cat\/bicicleta\/wp-json\/wp\/v2\/posts\/257\/revisions\/1489"}],"wp:featuredmedia":[{"embeddable":true,"href":"https:\/\/blogs.amb.cat\/bicicleta\/wp-json\/wp\/v2\/media\/265"}],"wp:attachment":[{"href":"https:\/\/blogs.amb.cat\/bicicleta\/wp-json\/wp\/v2\/media?parent=257"}],"wp:term":[{"taxonomy":"category","embeddable":true,"href":"https:\/\/blogs.amb.cat\/bicicleta\/wp-json\/wp\/v2\/categories?post=257"},{"taxonomy":"post_tag","embeddable":true,"href":"https:\/\/blogs.amb.cat\/bicicleta\/wp-json\/wp\/v2\/tags?post=257"}],"curies":[{"name":"wp","href":"https:\/\/api.w.org\/{rel}","templated":true}]}}