
 







{"id":2633,"date":"2024-01-17T14:52:00","date_gmt":"2024-01-17T14:52:00","guid":{"rendered":"https:\/\/blogs.amb.cat\/bicicleta\/?p=2633"},"modified":"2024-01-19T11:17:00","modified_gmt":"2024-01-19T11:17:00","slug":"de-castelldefels-a-cornella-en-bici-per-la-nova-bicivia-7","status":"publish","type":"post","link":"https:\/\/blogs.amb.cat\/bicicleta\/ca\/2024\/01\/17\/de-castelldefels-a-cornella-en-bici-per-la-nova-bicivia-7\/","title":{"rendered":"De Castelldefels a Cornell\u00e0 en bici per la nova Bicivia 7"},"content":{"rendered":"\n<p>El passat 2023, i despr\u00e9s de 3 anys d\u2019obres, va culminar l\u2019esperada <strong>intervenci\u00f3 al llarg de la nova avinguda metropolitana que correspon l\u2019antiga carretera C-245<\/strong>. Aquesta obra dona resposta a una llarga reivindicaci\u00f3 ciutadana que reclamava la transformaci\u00f3 d\u2019aquest eix en un espai urb\u00e0 de qualitat.<\/p>\n\n\n\n<p><strong>El projecte de reurbanitzaci\u00f3<\/strong>, liderat per l\u2019AMB i en col\u00b7laboraci\u00f3 amb tos els municipis implicats aix\u00ed com la Generalitat de Catalunya, <strong>ha portat a la pr\u00e0ctica el concepte definit al <a href=\"https:\/\/urbanisme.amb.cat\/pdu-metropolita\">PDUM<\/a> com <a href=\"https:\/\/blogs.amb.cat\/metropolisbarcelona\/ca\/2022\/10\/01\/metropolis-davingudes\/\">avingudes metropolitanes<\/a><\/strong>. I per aquest motiu, un dels objectius marc ha estat <strong>vertebrar un nou eix interurb\u00e0 que prioritzi el transport p\u00fablic, aix\u00ed com els despla\u00e7aments a peu i amb bicicleta.\u00a0\u00a0<\/strong><\/p>\n\n\n\n<figure class=\"wp-block-image size-large\"><img width=\"1024\" height=\"681\" src=\"https:\/\/blogs.amb.cat\/bicicleta\/wp-content\/uploads\/sites\/5\/2024\/01\/Bicivia-7-1-1024x681.jpeg\" alt=\"\" class=\"wp-image-2636\" srcset=\"https:\/\/blogs.amb.cat\/bicicleta\/wp-content\/uploads\/sites\/5\/2024\/01\/Bicivia-7-1-1024x681.jpeg 1024w, https:\/\/blogs.amb.cat\/bicicleta\/wp-content\/uploads\/sites\/5\/2024\/01\/Bicivia-7-1-300x200.jpeg 300w, https:\/\/blogs.amb.cat\/bicicleta\/wp-content\/uploads\/sites\/5\/2024\/01\/Bicivia-7-1-768x511.jpeg 768w, https:\/\/blogs.amb.cat\/bicicleta\/wp-content\/uploads\/sites\/5\/2024\/01\/Bicivia-7-1-1536x1021.jpeg 1536w, https:\/\/blogs.amb.cat\/bicicleta\/wp-content\/uploads\/sites\/5\/2024\/01\/Bicivia-7-1.jpeg 1600w\" sizes=\"(max-width: 1024px) 100vw, 1024px\" \/><\/figure>\n\n\n\n<p>Aix\u00ed doncs, l\u2019antiga carretera C-245 ha donat pas a un nou eix interurb\u00e0 del Baix Llobregat, que connecta cinc centres urbans, cinc estacions de tren, diversos centres educatius, de feina i de lleure. A m\u00e9s a m\u00e9s, <strong>la intervenci\u00f3 ha possibilitat una connexi\u00f3 pedalable d\u2019uns 8 km de llargada (Bicivia 7) que incorpora 7 estacions d\u2019<a href=\"https:\/\/www.ambici.cat\/ca\/\">AMBici<\/a> i 3 de <a href=\"https:\/\/www.bicibox.cat\/ca-es\/\">Bicibox<\/a> (una de les quals \u00e9s de gran capacitat).<\/strong><\/p>\n\n\n\n<p><strong>El bus, el gran protagonista<\/strong><\/p>\n\n\n\n<p>La nova C-245 millora la mobilitat en transport p\u00fablic considerablement. La implementaci\u00f3 de diverses mesures com l\u2019execuci\u00f3 d\u2019un carril bus per sentit al llarg de 10 quil\u00f2metres, la instal\u00b7laci\u00f3 de parades dobles i altres solucions innovadores, <strong>han a perm\u00e8s la creaci\u00f3 de la <a href=\"https:\/\/www.amb.cat\/es\/web\/amb\/actualitat\/sala-de-premsa\/notes-de-premsa\/detall\/-\/notapremsa\/l-amb-posa-en-marxa-la-nova-linia-metrobus-m5--un-servei-d-alta-frequencia\/15083866\/11696\">nova l\u00ednia de bus M5<\/a>, amb autobusos de gran capacitat que passen cada 10 minuts els dies laborables<\/strong>. En l\u2019actualitat, la nova l\u00ednia ha generat una demanda estable, que ha arribat als 5.000 usuaris per dia.<\/p>\n\n\n\n<figure class=\"wp-block-image size-large\"><img width=\"1024\" height=\"757\" src=\"https:\/\/blogs.amb.cat\/bicicleta\/wp-content\/uploads\/sites\/5\/2024\/01\/BV_7-1024x757.jpg\" alt=\"\" class=\"wp-image-2637\" srcset=\"https:\/\/blogs.amb.cat\/bicicleta\/wp-content\/uploads\/sites\/5\/2024\/01\/BV_7-1024x757.jpg 1024w, https:\/\/blogs.amb.cat\/bicicleta\/wp-content\/uploads\/sites\/5\/2024\/01\/BV_7-300x222.jpg 300w, https:\/\/blogs.amb.cat\/bicicleta\/wp-content\/uploads\/sites\/5\/2024\/01\/BV_7-768x567.jpg 768w, https:\/\/blogs.amb.cat\/bicicleta\/wp-content\/uploads\/sites\/5\/2024\/01\/BV_7-1536x1135.jpg 1536w, https:\/\/blogs.amb.cat\/bicicleta\/wp-content\/uploads\/sites\/5\/2024\/01\/BV_7-2048x1513.jpg 2048w\" sizes=\"(max-width: 1024px) 100vw, 1024px\" \/><\/figure>\n\n\n\n<p><strong>La Bicivia 7 incorpora 7,5 km nous<\/strong><\/p>\n\n\n\n<p><strong>Gr\u00e0cies a la reurbanitzaci\u00f3 de la C-245, la mobilitat en bicicleta tamb\u00e9 suma un nou tram de 7,5 km de carril bici continu que correspon a un dels eixos principals de la xarxa pedalable metropolitana: la Bicivia 7<\/strong>.<\/p>\n\n\n\n<p>La Bicivia 7 \u00e9s l\u2019eix amb sentit nord-sud que connecta Castelldefels amb Barcelona per l\u2019interior de la metr\u00f2polis. El seu tra\u00e7at passa majorment per la C-245 i l&#8217;avinguda  Diagonal. En total, l\u2019eix complet t\u00e9 una longitud de 31 km i connecta set municipis: Castelldefels, Gav\u00e0, Viladecans, Sant Boi de Llobregat, Cornell\u00e0 de Llobregat, Esplugues de Llobregat i Barcelona. Actualment, la Bicivia 7 est\u00e0 executada en un 80 %.<\/p>\n\n\n\n<div class=\"wp-block-columns\">\n<div class=\"wp-block-column\">\n<figure class=\"wp-block-image size-large\"><img width=\"1024\" height=\"681\" src=\"https:\/\/blogs.amb.cat\/bicicleta\/wp-content\/uploads\/sites\/5\/2024\/01\/Bicivia-7-5-1024x681.jpeg\" alt=\"\" class=\"wp-image-2638\" srcset=\"https:\/\/blogs.amb.cat\/bicicleta\/wp-content\/uploads\/sites\/5\/2024\/01\/Bicivia-7-5-1024x681.jpeg 1024w, https:\/\/blogs.amb.cat\/bicicleta\/wp-content\/uploads\/sites\/5\/2024\/01\/Bicivia-7-5-300x200.jpeg 300w, https:\/\/blogs.amb.cat\/bicicleta\/wp-content\/uploads\/sites\/5\/2024\/01\/Bicivia-7-5-768x511.jpeg 768w, https:\/\/blogs.amb.cat\/bicicleta\/wp-content\/uploads\/sites\/5\/2024\/01\/Bicivia-7-5-1536x1021.jpeg 1536w, https:\/\/blogs.amb.cat\/bicicleta\/wp-content\/uploads\/sites\/5\/2024\/01\/Bicivia-7-5.jpeg 1600w\" sizes=\"(max-width: 1024px) 100vw, 1024px\" \/><\/figure>\n<\/div>\n\n\n\n<div class=\"wp-block-column\">\n<figure class=\"wp-block-image size-large\"><img width=\"1024\" height=\"681\" src=\"https:\/\/blogs.amb.cat\/bicicleta\/wp-content\/uploads\/sites\/5\/2024\/01\/Bicivia-7-2-1024x681.jpeg\" alt=\"\" class=\"wp-image-2639\" srcset=\"https:\/\/blogs.amb.cat\/bicicleta\/wp-content\/uploads\/sites\/5\/2024\/01\/Bicivia-7-2-1024x681.jpeg 1024w, https:\/\/blogs.amb.cat\/bicicleta\/wp-content\/uploads\/sites\/5\/2024\/01\/Bicivia-7-2-300x200.jpeg 300w, https:\/\/blogs.amb.cat\/bicicleta\/wp-content\/uploads\/sites\/5\/2024\/01\/Bicivia-7-2-768x511.jpeg 768w, https:\/\/blogs.amb.cat\/bicicleta\/wp-content\/uploads\/sites\/5\/2024\/01\/Bicivia-7-2-1536x1021.jpeg 1536w, https:\/\/blogs.amb.cat\/bicicleta\/wp-content\/uploads\/sites\/5\/2024\/01\/Bicivia-7-2.jpeg 1600w\" sizes=\"(max-width: 1024px) 100vw, 1024px\" \/><\/figure>\n<\/div>\n<\/div>\n\n\n\n<p>El nou carril bici de la C-245 presenta una secci\u00f3 cont\u00ednua que consta d\u2019un carril bidireccional segregat, que passa principalment pel costat muntanya, tret de dos trams on el tra\u00e7at s\u2019ha d\u2019adaptar a l&#8217;espai disponible i on la configuraci\u00f3 varia:<\/p>\n\n\n\n<ul><li>A Viladecans, canvia al costat mar i inclou un tram on la circulaci\u00f3 de bicicletes \u00e9s compartida amb vehicles de motor en cal\u00e7ada.<\/li><li>A Castelldefels, canvia al costat mar a partir de la pla\u00e7a de Colom fins a l\u2019avinguda de la Constituci\u00f3.<\/li><\/ul>\n\n\n\n<p><strong>Tram estrat\u00e8gic per a la mobilitat activa<\/strong><\/p>\n\n\n\n<p>De tot el recorregut del nou carril bici, cal destacar el tram que connecta el nucli urb\u00e0 de Gav\u00e0 amb Castelldefels. Abans de la reurbanitzaci\u00f3, aquest tram de la C-245 constava d\u2019una via interurbana amb 1 carril de circulaci\u00f3 per sentit sense vorals ni voreres i amb una velocitat de circulaci\u00f3 superior a 50 km\/h.<\/p>\n\n\n\n<p>Per tant, la configuraci\u00f3 pr\u00e8via no disposava de cap espai segur per circular-hi a peu o en bicicleta, dissuadint aix\u00ed els despla\u00e7aments en aquests modes de transport.<\/p>\n\n\n\n<p>El nou carril bici permet, finalment, que les persones que es desplacen a peu, en bicicleta i VMP puguin circular per aquest tram d\u2019un quil\u00f2metre i mig de llargada, que a m\u00e9s a m\u00e9s de connectar els dos nuclis urbans, dona acc\u00e9s tamb\u00e9 a espais naturals, com parc del Calamot, entre altres.<\/p>\n\n\n\n<div class=\"wp-block-columns\">\n<div class=\"wp-block-column\">\n<figure class=\"wp-block-image size-large\"><img width=\"1024\" height=\"681\" src=\"https:\/\/blogs.amb.cat\/bicicleta\/wp-content\/uploads\/sites\/5\/2024\/01\/Bicivia-7-4-1024x681.jpeg\" alt=\"\" class=\"wp-image-2640\" srcset=\"https:\/\/blogs.amb.cat\/bicicleta\/wp-content\/uploads\/sites\/5\/2024\/01\/Bicivia-7-4-1024x681.jpeg 1024w, https:\/\/blogs.amb.cat\/bicicleta\/wp-content\/uploads\/sites\/5\/2024\/01\/Bicivia-7-4-300x200.jpeg 300w, https:\/\/blogs.amb.cat\/bicicleta\/wp-content\/uploads\/sites\/5\/2024\/01\/Bicivia-7-4-768x511.jpeg 768w, https:\/\/blogs.amb.cat\/bicicleta\/wp-content\/uploads\/sites\/5\/2024\/01\/Bicivia-7-4-1536x1021.jpeg 1536w, https:\/\/blogs.amb.cat\/bicicleta\/wp-content\/uploads\/sites\/5\/2024\/01\/Bicivia-7-4.jpeg 1600w\" sizes=\"(max-width: 1024px) 100vw, 1024px\" \/><\/figure>\n<\/div>\n\n\n\n<div class=\"wp-block-column\">\n<figure class=\"wp-block-image size-large\"><img width=\"1024\" height=\"681\" src=\"https:\/\/blogs.amb.cat\/bicicleta\/wp-content\/uploads\/sites\/5\/2024\/01\/Bicivia-7-3-1024x681.jpeg\" alt=\"\" class=\"wp-image-2641\" srcset=\"https:\/\/blogs.amb.cat\/bicicleta\/wp-content\/uploads\/sites\/5\/2024\/01\/Bicivia-7-3-1024x681.jpeg 1024w, https:\/\/blogs.amb.cat\/bicicleta\/wp-content\/uploads\/sites\/5\/2024\/01\/Bicivia-7-3-300x200.jpeg 300w, https:\/\/blogs.amb.cat\/bicicleta\/wp-content\/uploads\/sites\/5\/2024\/01\/Bicivia-7-3-768x511.jpeg 768w, https:\/\/blogs.amb.cat\/bicicleta\/wp-content\/uploads\/sites\/5\/2024\/01\/Bicivia-7-3-1536x1021.jpeg 1536w, https:\/\/blogs.amb.cat\/bicicleta\/wp-content\/uploads\/sites\/5\/2024\/01\/Bicivia-7-3.jpeg 1600w\" sizes=\"(max-width: 1024px) 100vw, 1024px\" \/><\/figure>\n<\/div>\n<\/div>\n\n\n\n<p><strong>Pas per a bicicletes a l\u2019al\u00e7ada del riu Llobregat, propera fita<\/strong><\/p>\n\n\n\n<p>La reurbanitzaci\u00f3 de la C-245 ha finalitzat en l\u2019entorn de la Parellada i no ha pogut incloure la connexi\u00f3 directa i segura per a bicicletes a l\u2019al\u00e7ada del pas del riu Llobregat, at\u00e8s que la titularitat d\u2019aquesta via entre Sant Boi de Llobregat i Cornell\u00e0 de Llobregat correspon a l\u2019actual Ministeri de Transport i Mobilitat Sostenible.<\/p>\n\n\n\n<p>Tanmateix, les institucions involucrades en la reurbanitzaci\u00f3 van traslladar aquesta situaci\u00f3 al Ministeri, aix\u00ed com la demanda de donar continu\u00eftat a l\u2019eix pedalable en aquest punt. En aquest sentit, la resoluci\u00f3 va ser positiva i el Ministeri va atendre la petici\u00f3 i va redactar el projecte executiu d\u2019aquest tram. El gener de 2024 es troba en fase d\u2019inici de les obres d\u2019execuci\u00f3.<\/p>\n\n\n\n<p>Ara per ara, la via alternativa que permet creuar el riu en bicicleta \u00e9s a trav\u00e9s del <strong><a href=\"https:\/\/maps.app.goo.gl\/ap6ZBfP5E6rMnwo58\">gual inundable<\/a><\/strong> que forma part del parc fluvial.<\/p>\n\n\n\n<p>Esperem la finalitzaci\u00f3 d\u2019aquestes esperades obres, que esdevindran una nova fita en les connexions pedalables a la metr\u00f2polis Barcelona.<\/p>\n\n\n\n<p><\/p>\n","protected":false},"excerpt":{"rendered":"<p>El passat 2023, i despr\u00e9s de 3 anys d\u2019obres, va culminar l\u2019esperada intervenci\u00f3 al llarg de la nova avinguda metropolitana que correspon l\u2019antiga carretera C-245. Aquesta obra dona resposta a una llarga reivindicaci\u00f3 ciutadana que reclamava la transformaci\u00f3 d\u2019aquest eix en un espai urb\u00e0 de qualitat. El projecte de reurbanitzaci\u00f3, liderat per l\u2019AMB i en [&hellip;]<\/p>\n","protected":false},"author":13,"featured_media":2643,"comment_status":"closed","ping_status":"closed","sticky":false,"template":"","format":"standard","meta":{"_oasis_is_in_workflow":0,"_oasis_original":0,"ngg_post_thumbnail":0},"categories":[20,24,1,22],"tags":[549,34,334,550,552],"_links":{"self":[{"href":"https:\/\/blogs.amb.cat\/bicicleta\/wp-json\/wp\/v2\/posts\/2633"}],"collection":[{"href":"https:\/\/blogs.amb.cat\/bicicleta\/wp-json\/wp\/v2\/posts"}],"about":[{"href":"https:\/\/blogs.amb.cat\/bicicleta\/wp-json\/wp\/v2\/types\/post"}],"author":[{"embeddable":true,"href":"https:\/\/blogs.amb.cat\/bicicleta\/wp-json\/wp\/v2\/users\/13"}],"replies":[{"embeddable":true,"href":"https:\/\/blogs.amb.cat\/bicicleta\/wp-json\/wp\/v2\/comments?post=2633"}],"version-history":[{"count":5,"href":"https:\/\/blogs.amb.cat\/bicicleta\/wp-json\/wp\/v2\/posts\/2633\/revisions"}],"predecessor-version":[{"id":2648,"href":"https:\/\/blogs.amb.cat\/bicicleta\/wp-json\/wp\/v2\/posts\/2633\/revisions\/2648"}],"wp:featuredmedia":[{"embeddable":true,"href":"https:\/\/blogs.amb.cat\/bicicleta\/wp-json\/wp\/v2\/media\/2643"}],"wp:attachment":[{"href":"https:\/\/blogs.amb.cat\/bicicleta\/wp-json\/wp\/v2\/media?parent=2633"}],"wp:term":[{"taxonomy":"category","embeddable":true,"href":"https:\/\/blogs.amb.cat\/bicicleta\/wp-json\/wp\/v2\/categories?post=2633"},{"taxonomy":"post_tag","embeddable":true,"href":"https:\/\/blogs.amb.cat\/bicicleta\/wp-json\/wp\/v2\/tags?post=2633"}],"curies":[{"name":"wp","href":"https:\/\/api.w.org\/{rel}","templated":true}]}}