
 







{"id":3128,"date":"2025-05-27T07:03:00","date_gmt":"2025-05-27T07:03:00","guid":{"rendered":"https:\/\/blogs.amb.cat\/bicicleta\/?p=3128"},"modified":"2025-05-27T09:35:50","modified_gmt":"2025-05-27T09:35:50","slug":"cicle-de-cultura-ciclista-tres-propostes-per-viure-pensar-i-compartir-la-bicicleta","status":"publish","type":"post","link":"https:\/\/blogs.amb.cat\/bicicleta\/ca\/2025\/05\/27\/cicle-de-cultura-ciclista-tres-propostes-per-viure-pensar-i-compartir-la-bicicleta\/","title":{"rendered":"Cicle de Cultura Ciclista: tres propostes per viure, pensar i compartir la bicicleta"},"content":{"rendered":"\n<p>Aquest 2025, conjuntament amb el <strong>Bicicleta Club de Catalunya (<a href=\"https:\/\/bacc.cat\/\">BACC<\/a>)<\/strong>, llancem un <strong>Cicle de Cultura Ciclista<\/strong>, un programa d\u2019activitats pensat per apropar la bicicleta a la ciutadania des d\u2019una perspectiva cultural, creativa i participativa. Amb aquesta col\u00b7laboraci\u00f3, volem visibilitzar la bici no nom\u00e9s com a mitj\u00e0 de transport, sin\u00f3 com a eix que connecta mobilitat, oci, medi ambient, salut, territori i comunitat.<\/p>\n\n\n\n<p>La <strong>cultura ciclista \u00e9s tot all\u00f2 que passa quan la bicicleta entra en escena<\/strong>: mou persones, transforma espais i crea nous vincles entre la ciutat, el territori i les persones. Aquest cicle la celebra i la fa visible amb tres activitats repartides al llarg de l\u2019any i per diferents municipis de l\u2019AMB.<\/p>\n\n\n\n<figure class=\"wp-block-image size-large\"><img width=\"2025\" height=\"2024\" src=\"https:\/\/blogs.amb.cat\/bicicleta\/wp-content\/uploads\/sites\/5\/2025\/05\/1-edited.jpg\" alt=\"\" class=\"wp-image-3135\" srcset=\"https:\/\/blogs.amb.cat\/bicicleta\/wp-content\/uploads\/sites\/5\/2025\/05\/1-edited.jpg 2025w, https:\/\/blogs.amb.cat\/bicicleta\/wp-content\/uploads\/sites\/5\/2025\/05\/1-edited-300x300.jpg 300w, https:\/\/blogs.amb.cat\/bicicleta\/wp-content\/uploads\/sites\/5\/2025\/05\/1-edited-1024x1024.jpg 1024w, https:\/\/blogs.amb.cat\/bicicleta\/wp-content\/uploads\/sites\/5\/2025\/05\/1-edited-150x150.jpg 150w, https:\/\/blogs.amb.cat\/bicicleta\/wp-content\/uploads\/sites\/5\/2025\/05\/1-edited-768x768.jpg 768w, https:\/\/blogs.amb.cat\/bicicleta\/wp-content\/uploads\/sites\/5\/2025\/05\/1-edited-1536x1536.jpg 1536w\" sizes=\"(max-width: 2025px) 100vw, 2025px\" \/><\/figure>\n\n\n\n<p>Totes les activitats s\u00f3n gratu\u00eftes, obertes al p\u00fablic i pensades per a tota mena de perfils: fam\u00edlies, ciclistes, amants de la fotografia, o persones que simplement volen descobrir la bici des d\u2019una nova perspectiva.<\/p>\n\n\n\n<p>A continuaci\u00f3, us avancem les tres propostes:<\/p>\n\n\n\n<div class=\"wp-block-media-text alignwide is-stacked-on-mobile is-vertically-aligned-center\" style=\"grid-template-columns:45% auto\"><figure class=\"wp-block-media-text__media\"><img width=\"1024\" height=\"692\" src=\"https:\/\/blogs.amb.cat\/bicicleta\/wp-content\/uploads\/sites\/5\/2025\/05\/rally-1024x692.jpg\" alt=\"\" class=\"wp-image-3138 size-full\" srcset=\"https:\/\/blogs.amb.cat\/bicicleta\/wp-content\/uploads\/sites\/5\/2025\/05\/rally-1024x692.jpg 1024w, https:\/\/blogs.amb.cat\/bicicleta\/wp-content\/uploads\/sites\/5\/2025\/05\/rally-300x203.jpg 300w, https:\/\/blogs.amb.cat\/bicicleta\/wp-content\/uploads\/sites\/5\/2025\/05\/rally-768x519.jpg 768w, https:\/\/blogs.amb.cat\/bicicleta\/wp-content\/uploads\/sites\/5\/2025\/05\/rally.jpg 1354w\" sizes=\"(max-width: 1024px) 100vw, 1024px\" \/><\/figure><div class=\"wp-block-media-text__content\">\n<h3><strong>Ral\u00b7li fotogr\u00e0fic en bici pel riu Bes\u00f2s i el front litoral<\/strong><\/h3>\n\n\n\n<p>Sortida fotogr\u00e0fica per descobrir el territori metropolit\u00e0 pedalant. Aquesta activitat proposa un recorregut en bicicleta per la llera del riu Bes\u00f2s, on persones aficionades a la fotografia posaran a prova la seva creativitat i habilitat visual. Una manera divertida i art\u00edstica de mirar el paisatge des del seient de la bici.<\/p>\n\n\n\n<p>L\u2019activitat est\u00e0 condu\u00efda pel fot\u00f2graf professional Tomas Russi.<\/p>\n\n\n\n<p>M\u00e9s informaci\u00f3 i inscripcions <strong><a href=\"https:\/\/docs.google.com\/forms\/d\/e\/1FAIpQLSd32jkoFfO6XvQsfeI2JmWwz7Zy7vRdmtPLc7r1b0QRca7TgA\/viewform\">aqu\u00ed<\/a><\/strong><\/p>\n<\/div><\/div>\n\n\n\n<div class=\"wp-block-media-text alignwide has-media-on-the-right is-stacked-on-mobile\"><figure class=\"wp-block-media-text__media\"><img width=\"588\" height=\"484\" src=\"https:\/\/blogs.amb.cat\/bicicleta\/wp-content\/uploads\/sites\/5\/2025\/05\/la-nena-que-va-aturar-el-transit.jpg\" alt=\"\" class=\"wp-image-3132 size-full\" srcset=\"https:\/\/blogs.amb.cat\/bicicleta\/wp-content\/uploads\/sites\/5\/2025\/05\/la-nena-que-va-aturar-el-transit.jpg 588w, https:\/\/blogs.amb.cat\/bicicleta\/wp-content\/uploads\/sites\/5\/2025\/05\/la-nena-que-va-aturar-el-transit-300x247.jpg 300w\" sizes=\"(max-width: 588px) 100vw, 588px\" \/><\/figure><div class=\"wp-block-media-text__content\">\n<h3><strong>Contacontes infantil: <em>La nena que va aturar el tr\u00e0nsit<\/em><\/strong><\/h3>\n\n\n\n<p><strong>Setembre \u00b7 Cerdanyola del Vall\u00e8s<\/strong><\/p>\n\n\n\n<p>Una sessi\u00f3 de lectura i dinamitzaci\u00f3 pensada per als m\u00e9s petits i les seves fam\u00edlies. A partir del conte il\u00b7lustrat <em>La nena que va aturar el tr\u00e0nsit<\/em>, reflexionarem sobre la mobilitat, l\u2019\u00fas de l\u2019espai p\u00fablic i el poder transformador de les idees. Una oportunitat per sembrar cultura ciclista des de la inf\u00e0ncia.<\/p>\n<\/div><\/div>\n\n\n\n<div style=\"height:100px\" aria-hidden=\"true\" class=\"wp-block-spacer\"><\/div>\n\n\n\n<div class=\"wp-block-media-text alignwide is-stacked-on-mobile\"><figure class=\"wp-block-media-text__media\"><img width=\"393\" height=\"525\" src=\"https:\/\/blogs.amb.cat\/bicicleta\/wp-content\/uploads\/sites\/5\/2025\/05\/Motherload-vertical.png\" alt=\"\" class=\"wp-image-3133 size-full\" srcset=\"https:\/\/blogs.amb.cat\/bicicleta\/wp-content\/uploads\/sites\/5\/2025\/05\/Motherload-vertical.png 393w, https:\/\/blogs.amb.cat\/bicicleta\/wp-content\/uploads\/sites\/5\/2025\/05\/Motherload-vertical-225x300.png 225w\" sizes=\"(max-width: 393px) 100vw, 393px\" \/><\/figure><div class=\"wp-block-media-text__content\">\n<h3><strong>Cinef\u00f2rum amb el documental <em>Motherload<\/em><\/strong><\/h3>\n\n\n\n<p><strong>Novembre \u00b7 L\u2019Hospitalet de Llobregat<\/strong><\/p>\n\n\n\n<p>Una tarda de cinema per reflexionar sobre els usos quotidians de la bicicleta i, en concret, sobre les bicicletes de c\u00e0rrega. <\/p>\n\n\n\n<p><em>Motherload<\/em> \u00e9s un documental inspirador sobre com una mare busca una alternativa al cotxe per viure amb m\u00e9s llibertat, autonomia i connexi\u00f3 amb la comunitat. <\/p>\n\n\n\n<p>La projecci\u00f3 anir\u00e0 seguida d\u2019un col\u00b7loqui participatiu.<\/p>\n<\/div><\/div>\n\n\n\n<div style=\"height:100px\" aria-hidden=\"true\" class=\"wp-block-spacer\"><\/div>\n\n\n\n<p>Amb aquest cicle, reafirmem que qualsevol espai on la bici \u00e9s protagonista, tamb\u00e9 ho \u00e9s la cultura ciclista. I ho fem pedalant entre propostes creatives, participatives i transformadores.<\/p>\n\n\n\n<p>Estigueu atents als canals de comunicaci\u00f3 del BACC i de l\u2019Oficina Metropolitana de la Bicicleta, en els nostres canals us anirem explicant m\u00e9s detalls, informaci\u00f3 i inscripcions.<\/p>\n\n\n\n<p><br>&nbsp;<strong>Us hi esperem!<\/strong><\/p>\n","protected":false},"excerpt":{"rendered":"<p>Us presentem un cicle d&#8217;activitats per promoure la cultura ciclista, cuinat a foc lent i amb molt carinyo <\/p>\n","protected":false},"author":48,"featured_media":3137,"comment_status":"closed","ping_status":"closed","sticky":false,"template":"","format":"standard","meta":{"_oasis_is_in_workflow":0,"_oasis_original":0,"ngg_post_thumbnail":0},"categories":[20,24,1,22],"tags":[612,610,613,614,611],"_links":{"self":[{"href":"https:\/\/blogs.amb.cat\/bicicleta\/wp-json\/wp\/v2\/posts\/3128"}],"collection":[{"href":"https:\/\/blogs.amb.cat\/bicicleta\/wp-json\/wp\/v2\/posts"}],"about":[{"href":"https:\/\/blogs.amb.cat\/bicicleta\/wp-json\/wp\/v2\/types\/post"}],"author":[{"embeddable":true,"href":"https:\/\/blogs.amb.cat\/bicicleta\/wp-json\/wp\/v2\/users\/48"}],"replies":[{"embeddable":true,"href":"https:\/\/blogs.amb.cat\/bicicleta\/wp-json\/wp\/v2\/comments?post=3128"}],"version-history":[{"count":5,"href":"https:\/\/blogs.amb.cat\/bicicleta\/wp-json\/wp\/v2\/posts\/3128\/revisions"}],"predecessor-version":[{"id":3143,"href":"https:\/\/blogs.amb.cat\/bicicleta\/wp-json\/wp\/v2\/posts\/3128\/revisions\/3143"}],"wp:featuredmedia":[{"embeddable":true,"href":"https:\/\/blogs.amb.cat\/bicicleta\/wp-json\/wp\/v2\/media\/3137"}],"wp:attachment":[{"href":"https:\/\/blogs.amb.cat\/bicicleta\/wp-json\/wp\/v2\/media?parent=3128"}],"wp:term":[{"taxonomy":"category","embeddable":true,"href":"https:\/\/blogs.amb.cat\/bicicleta\/wp-json\/wp\/v2\/categories?post=3128"},{"taxonomy":"post_tag","embeddable":true,"href":"https:\/\/blogs.amb.cat\/bicicleta\/wp-json\/wp\/v2\/tags?post=3128"}],"curies":[{"name":"wp","href":"https:\/\/api.w.org\/{rel}","templated":true}]}}