
 







{"id":3160,"date":"2025-06-05T11:14:58","date_gmt":"2025-06-05T11:14:58","guid":{"rendered":"https:\/\/blogs.amb.cat\/bicicleta\/?p=3160"},"modified":"2025-06-05T11:14:59","modified_gmt":"2025-06-05T11:14:59","slug":"lliurament-del-primer-premi-del-30diesambbici-2025","status":"publish","type":"post","link":"https:\/\/blogs.amb.cat\/bicicleta\/ca\/2025\/06\/05\/lliurament-del-primer-premi-del-30diesambbici-2025\/","title":{"rendered":"Lliurament del primer premi del #30diesAMBbici 2025"},"content":{"rendered":"\n<p>Com d\u2019altres anys, durant el mes d\u2019abril l\u2019<strong>AMB ha participat en la campanya internacional&nbsp;<a rel=\"noreferrer noopener\" href=\"https:\/\/30daysofbiking.com\/\" target=\"_blank\">#30DaysOfBiking<\/a>&nbsp;i en el moviment estatal&nbsp;<a rel=\"noreferrer noopener\" href=\"https:\/\/www.30diasenbici.com\/\" target=\"_blank\">#30diasenbici<\/a><\/strong>.<\/p>\n\n\n\n<p>Aquesta campanya aposta per&nbsp;<strong>convidar la ciutadania a pedalar durant el mes d\u2019abril<\/strong>, ja que arriba la primavera i el bon temps, i aix\u00ed sumar nous usuaris d\u2019aquest mitj\u00e0 de transport saludable i sostenible.<\/p>\n\n\n\n<p><strong>El 2025, a trav\u00e9s de l\u2019Oficina Metropolitana de la Bicicleta, l\u2019AMB&nbsp;<\/strong>ha proposat&nbsp;<strong>un repte senzill mitjan\u00e7ant la&nbsp;<a href=\"https:\/\/www.instagram.com\/p\/C5Nh0RGBJDr\/?igsh=MXRlM3didzZ1M3R6bA==\"><strong>xarxa social Instagram<\/strong><\/a>, amb l\u2019objectiu de visibilitzar com la bicicleta ens acompanya en el nostre dia a dia<\/strong>&nbsp;i normalitzar-ne l\u2019\u00fas com a mitj\u00e0 de transport quotidi\u00e0.<\/p>\n\n\n\n<figure class=\"wp-block-image size-large\"><img width=\"1024\" height=\"666\" src=\"https:\/\/blogs.amb.cat\/bicicleta\/wp-content\/uploads\/sites\/5\/2025\/06\/20250604_30diesbici-1024x666.jpg\" alt=\"\" class=\"wp-image-3159\" srcset=\"https:\/\/blogs.amb.cat\/bicicleta\/wp-content\/uploads\/sites\/5\/2025\/06\/20250604_30diesbici-1024x666.jpg 1024w, https:\/\/blogs.amb.cat\/bicicleta\/wp-content\/uploads\/sites\/5\/2025\/06\/20250604_30diesbici-300x195.jpg 300w, https:\/\/blogs.amb.cat\/bicicleta\/wp-content\/uploads\/sites\/5\/2025\/06\/20250604_30diesbici-768x499.jpg 768w, https:\/\/blogs.amb.cat\/bicicleta\/wp-content\/uploads\/sites\/5\/2025\/06\/20250604_30diesbici-1536x998.jpg 1536w, https:\/\/blogs.amb.cat\/bicicleta\/wp-content\/uploads\/sites\/5\/2025\/06\/20250604_30diesbici.jpg 1600w\" sizes=\"(max-width: 1024px) 100vw, 1024px\" \/><\/figure>\n\n\n\n<p><strong>En l\u2019edici\u00f3 d\u2019enguany, el <a rel=\"noreferrer noopener\" href=\"https:\/\/www.instagram.com\/ricardopiris\/\" data-type=\"URL\" target=\"_blank\">Ricardo Piris Mart\u00edn<\/a><\/strong>&nbsp;ha estat el guanyador del primer premi del #30diesAMBbici. Aix\u00ed,&nbsp;<strong>la consellera delegada de Mobilitat Sostenible de l\u2019AMB, Elisabet Latorre, li ha entregat el premi: una&nbsp;bicicleta el\u00e8ctrica plegable<\/strong>.<\/p>\n\n\n\n<p>En aquesta ocasi\u00f3,&nbsp;<strong>la campanya #30diesAMBbici ha estat&nbsp;din\u00e0mica&nbsp;<\/strong>i activa,&nbsp;<strong>on 41 perfils diferents hi han participat tot compartint les seves fotos<\/strong>, hist\u00f2ries i v\u00eddeos a Instagram.<\/p>\n\n\n\n<p>Per tot plegat, voldr\u00edem agrair la participaci\u00f3 de tots els usuaris que s\u2019han sumat al repte i felicitar el Ricardo per la nova bicicleta el\u00e8ctrica.<\/p>\n\n\n\n<p><a href=\"https:\/\/blogs.amb.cat\/bicicleta\/ca\/2025\/05\/13\/30diesambbici-2025-un-altre-ritme-per-ser\/\" data-type=\"URL\" data-id=\"https:\/\/blogs.amb.cat\/bicicleta\/ca\/2025\/05\/13\/30diesambbici-2025-un-altre-ritme-per-ser\/\" target=\"_blank\" rel=\"noreferrer noopener\">Tots els premiats de l&#8217;edici\u00f3 2025<\/a><\/p>\n","protected":false},"excerpt":{"rendered":"<p>Com d\u2019altres anys, durant el mes d\u2019abril l\u2019AMB ha participat en la campanya internacional&nbsp;#30DaysOfBiking&nbsp;i en el moviment estatal&nbsp;#30diasenbici. Aquesta campanya aposta per&nbsp;convidar la ciutadania a pedalar durant el mes d\u2019abril, ja que arriba la primavera i el bon temps, i aix\u00ed sumar nous usuaris d\u2019aquest mitj\u00e0 de transport saludable i sostenible. El 2025, a trav\u00e9s [&hellip;]<\/p>\n","protected":false},"author":7,"featured_media":3162,"comment_status":"closed","ping_status":"closed","sticky":false,"template":"","format":"standard","meta":{"_oasis_is_in_workflow":0,"_oasis_original":0,"ngg_post_thumbnail":0},"categories":[1],"tags":[],"_links":{"self":[{"href":"https:\/\/blogs.amb.cat\/bicicleta\/wp-json\/wp\/v2\/posts\/3160"}],"collection":[{"href":"https:\/\/blogs.amb.cat\/bicicleta\/wp-json\/wp\/v2\/posts"}],"about":[{"href":"https:\/\/blogs.amb.cat\/bicicleta\/wp-json\/wp\/v2\/types\/post"}],"author":[{"embeddable":true,"href":"https:\/\/blogs.amb.cat\/bicicleta\/wp-json\/wp\/v2\/users\/7"}],"replies":[{"embeddable":true,"href":"https:\/\/blogs.amb.cat\/bicicleta\/wp-json\/wp\/v2\/comments?post=3160"}],"version-history":[{"count":2,"href":"https:\/\/blogs.amb.cat\/bicicleta\/wp-json\/wp\/v2\/posts\/3160\/revisions"}],"predecessor-version":[{"id":3163,"href":"https:\/\/blogs.amb.cat\/bicicleta\/wp-json\/wp\/v2\/posts\/3160\/revisions\/3163"}],"wp:featuredmedia":[{"embeddable":true,"href":"https:\/\/blogs.amb.cat\/bicicleta\/wp-json\/wp\/v2\/media\/3162"}],"wp:attachment":[{"href":"https:\/\/blogs.amb.cat\/bicicleta\/wp-json\/wp\/v2\/media?parent=3160"}],"wp:term":[{"taxonomy":"category","embeddable":true,"href":"https:\/\/blogs.amb.cat\/bicicleta\/wp-json\/wp\/v2\/categories?post=3160"},{"taxonomy":"post_tag","embeddable":true,"href":"https:\/\/blogs.amb.cat\/bicicleta\/wp-json\/wp\/v2\/tags?post=3160"}],"curies":[{"name":"wp","href":"https:\/\/api.w.org\/{rel}","templated":true}]}}