
 







{"id":532,"date":"2017-07-11T11:34:01","date_gmt":"2017-07-11T11:34:01","guid":{"rendered":"http:\/\/blogs.amb.cat\/bicicleta\/?p=532"},"modified":"2020-12-15T12:51:08","modified_gmt":"2020-12-15T12:51:08","slug":"els-primers-ambbici-a-la-feina","status":"publish","type":"post","link":"https:\/\/blogs.amb.cat\/bicicleta\/ca\/2017\/07\/11\/els-primers-ambbici-a-la-feina\/","title":{"rendered":"Els primers #AMBbici a la feina"},"content":{"rendered":"<p>A l&#8217;AMB les 10 bicis el\u00e8ctriques de cessi\u00f3 de 30 dies per al personal ja pedalen amb el segon grup. Hi ha un total de 40 persones apuntades a la llista i alguns dels treballadors que han gaudit del primer torn ja s&#8217;hi han tornat a apuntar.<\/p>\n<p>Els primers 10 usuaris, que han pedalat\u00a0en conjunt<strong>\u00a02.300km<\/strong>, ens han dit:<\/p>\n<ul>\n<li>Tinc ganes de repetir, em tornar\u00e9 a apuntar a la llista (7)<\/li>\n<li>M&#8217;ha conven\u00e7ut, m&#8217;estic plantejant comprar una bici el\u00e8ctrica per venir a la feina (5)<\/li>\n<li>He arribat m\u00e9s r\u00e0pid del que em pensava (3)<\/li>\n<li>M&#8217;he sentit insegur, ser\u00e0 millor quan hi hagi carrils bici (3)<\/li>\n<li>Ha estat b\u00e9 com a experi\u00e8ncia per\u00f2 no canviar\u00e9 el meu mode de transport habitual (1)<\/li>\n<\/ul>\n<p>Us deixem un video amb alguns testimonis de l&#8217;experi\u00e8ncia de venir a la Zona Franca en bici. Aviat en tindrem m\u00e9s!<\/p>\n<p><iframe title=\"AMBbici\" width=\"1170\" height=\"658\" src=\"https:\/\/www.youtube.com\/embed\/WGHhIeXvH6c?feature=oembed&amp;wmode=opaque\" frameborder=\"0\" allow=\"accelerometer; autoplay; clipboard-write; encrypted-media; gyroscope; picture-in-picture\" allowfullscreen><\/iframe><\/p>\n","protected":false},"excerpt":{"rendered":"<p>A l&#8217;AMB les 10 bicis el\u00e8ctriques de cessi\u00f3 de 30 dies per al personal ja pedalen amb el segon grup. Hi ha un total de 40 persones apuntades a la llista i alguns dels treballadors que han gaudit del primer torn ja s&#8217;hi han tornat a apuntar. Els primers 10 usuaris, que han pedalat\u00a0en conjunt\u00a02.300km, [&hellip;]<\/p>\n","protected":false},"author":13,"featured_media":462,"comment_status":"closed","ping_status":"open","sticky":false,"template":"","format":"standard","meta":{"_oasis_is_in_workflow":0,"_oasis_original":0,"ngg_post_thumbnail":0},"categories":[20,24,22],"tags":[210,220,214,242,78,260,56,72,50,28,152,30,76,36],"_links":{"self":[{"href":"https:\/\/blogs.amb.cat\/bicicleta\/wp-json\/wp\/v2\/posts\/532"}],"collection":[{"href":"https:\/\/blogs.amb.cat\/bicicleta\/wp-json\/wp\/v2\/posts"}],"about":[{"href":"https:\/\/blogs.amb.cat\/bicicleta\/wp-json\/wp\/v2\/types\/post"}],"author":[{"embeddable":true,"href":"https:\/\/blogs.amb.cat\/bicicleta\/wp-json\/wp\/v2\/users\/13"}],"replies":[{"embeddable":true,"href":"https:\/\/blogs.amb.cat\/bicicleta\/wp-json\/wp\/v2\/comments?post=532"}],"version-history":[{"count":3,"href":"https:\/\/blogs.amb.cat\/bicicleta\/wp-json\/wp\/v2\/posts\/532\/revisions"}],"predecessor-version":[{"id":537,"href":"https:\/\/blogs.amb.cat\/bicicleta\/wp-json\/wp\/v2\/posts\/532\/revisions\/537"}],"wp:featuredmedia":[{"embeddable":true,"href":"https:\/\/blogs.amb.cat\/bicicleta\/wp-json\/wp\/v2\/media\/462"}],"wp:attachment":[{"href":"https:\/\/blogs.amb.cat\/bicicleta\/wp-json\/wp\/v2\/media?parent=532"}],"wp:term":[{"taxonomy":"category","embeddable":true,"href":"https:\/\/blogs.amb.cat\/bicicleta\/wp-json\/wp\/v2\/categories?post=532"},{"taxonomy":"post_tag","embeddable":true,"href":"https:\/\/blogs.amb.cat\/bicicleta\/wp-json\/wp\/v2\/tags?post=532"}],"curies":[{"name":"wp","href":"https:\/\/api.w.org\/{rel}","templated":true}]}}