
 







{"id":575,"date":"2017-07-28T13:10:58","date_gmt":"2017-07-28T13:10:58","guid":{"rendered":"http:\/\/blogs.amb.cat\/bicicleta\/?p=575"},"modified":"2020-12-15T12:51:07","modified_gmt":"2020-12-15T12:51:07","slug":"nou-carril-bici-al-prat","status":"publish","type":"post","link":"https:\/\/blogs.amb.cat\/bicicleta\/ca\/2017\/07\/28\/nou-carril-bici-al-prat\/","title":{"rendered":"Nou carril bici al Prat!"},"content":{"rendered":"<p>Durant aquest mes de juliol seguim estrenant xarxa pedalable!<\/p>\n<p>Avui hem estat al Prat de Llobregat, pedalant\u00a0per un nou tram de 800m de carril bici al carrer Coronel Santfeliu, que comunica el centre urb\u00e0 amb el carril bici de l&#8217;av. de l&#8217;Onze de Setembre. Aquest carril bici completa la connexi\u00f3 amb els principals pol\u00edgons d&#8217;activitat econ\u00f2mica (zones del Mas Blau i del Pratenc), amb l\u2019aeroport i amb els espais naturals i la platja.<\/p>\n<p><a href=\"https:\/\/blogs.amb.cat\/bicicleta\/wp-content\/uploads\/sites\/5\/2017\/07\/20170728_145016.jpg\"><img class=\"alignnone wp-image-577 size-large\" src=\"https:\/\/blogs.amb.cat\/bicicleta\/wp-content\/uploads\/sites\/5\/2017\/07\/20170728_145016-1024x577.jpg\" alt=\"20170728_145016\" width=\"640\" height=\"361\" srcset=\"https:\/\/blogs.amb.cat\/bicicleta\/wp-content\/uploads\/sites\/5\/2017\/07\/20170728_145016-1024x577.jpg 1024w, https:\/\/blogs.amb.cat\/bicicleta\/wp-content\/uploads\/sites\/5\/2017\/07\/20170728_145016-300x169.jpg 300w\" sizes=\"(max-width: 640px) 100vw, 640px\" \/><\/a><\/p>\n<p>La xarxa per a bicicletes del Prat s\u2019estructura aproximadament en un 90% amb bicicarrers, itineraris ciclistes en vies urbanes de moderada o baixa intensitat de tr\u00e0nsit.<\/p>\n<p>El cost de les obres del carril bici ha estat de 84.000 \u20ac, dels quals l&#8217;AMB ha cofinan\u00e7at el 50%.<\/p>\n<p><a href=\"https:\/\/blogs.amb.cat\/bicicleta\/wp-content\/uploads\/sites\/5\/2017\/07\/20170728_102327.jpg\"><img class=\"alignnone size-large wp-image-578\" src=\"https:\/\/blogs.amb.cat\/bicicleta\/wp-content\/uploads\/sites\/5\/2017\/07\/20170728_102327-1024x578.jpg\" alt=\"20170728_102327\" width=\"640\" height=\"361\" srcset=\"https:\/\/blogs.amb.cat\/bicicleta\/wp-content\/uploads\/sites\/5\/2017\/07\/20170728_102327-1024x578.jpg 1024w, https:\/\/blogs.amb.cat\/bicicleta\/wp-content\/uploads\/sites\/5\/2017\/07\/20170728_102327-300x169.jpg 300w\" sizes=\"(max-width: 640px) 100vw, 640px\" \/><\/a><\/p>\n<p>Esperem seguir estrenant xarxa pedalable properament!<\/p>\n","protected":false},"excerpt":{"rendered":"<p>Durant aquest mes de juliol seguim estrenant xarxa pedalable! Avui hem estat al Prat de Llobregat, pedalant\u00a0per un nou tram de 800m de carril bici al carrer Coronel Santfeliu, que comunica el centre urb\u00e0 amb el carril bici de l&#8217;av. de l&#8217;Onze de Setembre. Aquest carril bici completa la connexi\u00f3 amb els principals pol\u00edgons d&#8217;activitat [&hellip;]<\/p>\n","protected":false},"author":13,"featured_media":576,"comment_status":"closed","ping_status":"open","sticky":false,"template":"","format":"standard","meta":{"_oasis_is_in_workflow":0,"_oasis_original":0,"ngg_post_thumbnail":0},"categories":[20,24,22],"tags":[56,28,30,280,34,194,284,240,60,282,38],"_links":{"self":[{"href":"https:\/\/blogs.amb.cat\/bicicleta\/wp-json\/wp\/v2\/posts\/575"}],"collection":[{"href":"https:\/\/blogs.amb.cat\/bicicleta\/wp-json\/wp\/v2\/posts"}],"about":[{"href":"https:\/\/blogs.amb.cat\/bicicleta\/wp-json\/wp\/v2\/types\/post"}],"author":[{"embeddable":true,"href":"https:\/\/blogs.amb.cat\/bicicleta\/wp-json\/wp\/v2\/users\/13"}],"replies":[{"embeddable":true,"href":"https:\/\/blogs.amb.cat\/bicicleta\/wp-json\/wp\/v2\/comments?post=575"}],"version-history":[{"count":2,"href":"https:\/\/blogs.amb.cat\/bicicleta\/wp-json\/wp\/v2\/posts\/575\/revisions"}],"predecessor-version":[{"id":581,"href":"https:\/\/blogs.amb.cat\/bicicleta\/wp-json\/wp\/v2\/posts\/575\/revisions\/581"}],"wp:featuredmedia":[{"embeddable":true,"href":"https:\/\/blogs.amb.cat\/bicicleta\/wp-json\/wp\/v2\/media\/576"}],"wp:attachment":[{"href":"https:\/\/blogs.amb.cat\/bicicleta\/wp-json\/wp\/v2\/media?parent=575"}],"wp:term":[{"taxonomy":"category","embeddable":true,"href":"https:\/\/blogs.amb.cat\/bicicleta\/wp-json\/wp\/v2\/categories?post=575"},{"taxonomy":"post_tag","embeddable":true,"href":"https:\/\/blogs.amb.cat\/bicicleta\/wp-json\/wp\/v2\/tags?post=575"}],"curies":[{"name":"wp","href":"https:\/\/api.w.org\/{rel}","templated":true}]}}