
 







{"id":600,"date":"2017-09-21T12:24:03","date_gmt":"2017-09-21T12:24:03","guid":{"rendered":"http:\/\/blogs.amb.cat\/bicicleta\/?p=600"},"modified":"2020-12-15T12:51:06","modified_gmt":"2020-12-15T12:51:06","slug":"la-diba-agafa-la-bici","status":"publish","type":"post","link":"https:\/\/blogs.amb.cat\/bicicleta\/ca\/2017\/09\/21\/la-diba-agafa-la-bici\/","title":{"rendered":"La DIBA agafa la bici"},"content":{"rendered":"<p>Avui, en el marc de la Setmana de la Mobilitat Sostenible i Segura, un centenar de treballadors\/es de la Diputaci\u00f3 de Barcelona han agafat la bici per anar a la feina als diferents\u00a0centres de treball de\u00a0Barcelona ciutat.<\/p>\n<p>En arribar al lloc de feina els participants han pogut gaudir d&#8217;un esmorzar, d&#8217;un taller de bicis per posar a punt al seu vehicle i d&#8217;un aparcament segur de bicis.<\/p>\n<p>L\u2019activitat vol animar la ciutadania i les organitzacions p\u00fabliques i privades a utilitzar habitualment mitjans de transport alternatius al vehicle privat i a endegar actuacions similars que afavoreixin una mobilitat m\u00e9s sostenible en l\u2019\u00e0mbit dels despla\u00e7aments laborals.<\/p>\n<p>Sovint la bicicleta \u00e9s el mitj\u00e0 de transport m\u00e9s r\u00e0pid i c\u00f2mode per anar a la feina. Fes la prova!!<\/p>\n<p><a href=\"https:\/\/blogs.amb.cat\/bicicleta\/wp-content\/uploads\/sites\/5\/2017\/09\/PDF_A4_AGAFA-LA-BICI-page-001.jpg\"><img class=\"alignnone size-large wp-image-601\" src=\"https:\/\/blogs.amb.cat\/bicicleta\/wp-content\/uploads\/sites\/5\/2017\/09\/PDF_A4_AGAFA-LA-BICI-page-001-724x1024.jpg\" alt=\"PDF_A4_AGAFA-LA-BICI-page-001\" width=\"640\" height=\"905\" srcset=\"https:\/\/blogs.amb.cat\/bicicleta\/wp-content\/uploads\/sites\/5\/2017\/09\/PDF_A4_AGAFA-LA-BICI-page-001-724x1024.jpg 724w, https:\/\/blogs.amb.cat\/bicicleta\/wp-content\/uploads\/sites\/5\/2017\/09\/PDF_A4_AGAFA-LA-BICI-page-001-212x300.jpg 212w, https:\/\/blogs.amb.cat\/bicicleta\/wp-content\/uploads\/sites\/5\/2017\/09\/PDF_A4_AGAFA-LA-BICI-page-001.jpg 1240w\" sizes=\"(max-width: 640px) 100vw, 640px\" \/><\/a><\/p>\n<p><a href=\"https:\/\/blogs.amb.cat\/bicicleta\/wp-content\/uploads\/sites\/5\/2017\/09\/IMG_5546.jpg\"><img class=\"alignnone size-large wp-image-602\" src=\"https:\/\/blogs.amb.cat\/bicicleta\/wp-content\/uploads\/sites\/5\/2017\/09\/IMG_5546-1024x683.jpg\" alt=\"IMG_5546\" width=\"640\" height=\"427\" srcset=\"https:\/\/blogs.amb.cat\/bicicleta\/wp-content\/uploads\/sites\/5\/2017\/09\/IMG_5546-1024x683.jpg 1024w, https:\/\/blogs.amb.cat\/bicicleta\/wp-content\/uploads\/sites\/5\/2017\/09\/IMG_5546-300x200.jpg 300w\" sizes=\"(max-width: 640px) 100vw, 640px\" \/><\/a><\/p>\n<p><a href=\"https:\/\/blogs.amb.cat\/bicicleta\/wp-content\/uploads\/sites\/5\/2017\/09\/IMG_5558.jpg\"><img class=\"alignnone size-large wp-image-603\" src=\"https:\/\/blogs.amb.cat\/bicicleta\/wp-content\/uploads\/sites\/5\/2017\/09\/IMG_5558-1024x683.jpg\" alt=\"IMG_5558\" width=\"640\" height=\"427\" srcset=\"https:\/\/blogs.amb.cat\/bicicleta\/wp-content\/uploads\/sites\/5\/2017\/09\/IMG_5558-1024x683.jpg 1024w, https:\/\/blogs.amb.cat\/bicicleta\/wp-content\/uploads\/sites\/5\/2017\/09\/IMG_5558-300x200.jpg 300w\" sizes=\"(max-width: 640px) 100vw, 640px\" \/><\/a><\/p>\n<p>&nbsp;<\/p>\n<p>&nbsp;<\/p>\n","protected":false},"excerpt":{"rendered":"<p>Avui, en el marc de la Setmana de la Mobilitat Sostenible i Segura, un centenar de treballadors\/es de la Diputaci\u00f3 de Barcelona han agafat la bici per anar a la feina als diferents\u00a0centres de treball de\u00a0Barcelona ciutat. En arribar al lloc de feina els participants han pogut gaudir d&#8217;un esmorzar, d&#8217;un taller de bicis per [&hellip;]<\/p>\n","protected":false},"author":13,"featured_media":604,"comment_status":"closed","ping_status":"open","sticky":false,"template":"","format":"standard","meta":{"_oasis_is_in_workflow":0,"_oasis_original":0,"ngg_post_thumbnail":0},"categories":[20,24],"tags":[242,78,260,56,72,50,42,28,222,30,238,236,76,290,292,258,240],"_links":{"self":[{"href":"https:\/\/blogs.amb.cat\/bicicleta\/wp-json\/wp\/v2\/posts\/600"}],"collection":[{"href":"https:\/\/blogs.amb.cat\/bicicleta\/wp-json\/wp\/v2\/posts"}],"about":[{"href":"https:\/\/blogs.amb.cat\/bicicleta\/wp-json\/wp\/v2\/types\/post"}],"author":[{"embeddable":true,"href":"https:\/\/blogs.amb.cat\/bicicleta\/wp-json\/wp\/v2\/users\/13"}],"replies":[{"embeddable":true,"href":"https:\/\/blogs.amb.cat\/bicicleta\/wp-json\/wp\/v2\/comments?post=600"}],"version-history":[{"count":1,"href":"https:\/\/blogs.amb.cat\/bicicleta\/wp-json\/wp\/v2\/posts\/600\/revisions"}],"predecessor-version":[{"id":605,"href":"https:\/\/blogs.amb.cat\/bicicleta\/wp-json\/wp\/v2\/posts\/600\/revisions\/605"}],"wp:featuredmedia":[{"embeddable":true,"href":"https:\/\/blogs.amb.cat\/bicicleta\/wp-json\/wp\/v2\/media\/604"}],"wp:attachment":[{"href":"https:\/\/blogs.amb.cat\/bicicleta\/wp-json\/wp\/v2\/media?parent=600"}],"wp:term":[{"taxonomy":"category","embeddable":true,"href":"https:\/\/blogs.amb.cat\/bicicleta\/wp-json\/wp\/v2\/categories?post=600"},{"taxonomy":"post_tag","embeddable":true,"href":"https:\/\/blogs.amb.cat\/bicicleta\/wp-json\/wp\/v2\/tags?post=600"}],"curies":[{"name":"wp","href":"https:\/\/api.w.org\/{rel}","templated":true}]}}