
 







{"id":611,"date":"2017-11-02T16:25:42","date_gmt":"2017-11-02T16:25:42","guid":{"rendered":"http:\/\/blogs.amb.cat\/bicicleta\/?p=611"},"modified":"2020-12-15T12:51:05","modified_gmt":"2020-12-15T12:51:05","slug":"biciempresa-al-poligon-del-pla","status":"publish","type":"post","link":"https:\/\/blogs.amb.cat\/bicicleta\/ca\/2017\/11\/02\/biciempresa-al-poligon-del-pla\/","title":{"rendered":"Biciempresa al pol\u00edgon del Pla!"},"content":{"rendered":"<p>Avui hem signat un conveni a&#8230; 15 bandes!<\/p>\n<p><iframe title=\"AMB - bicicletes el\u00e8ctriques per al pol\u00edgon El Pla\" width=\"1170\" height=\"658\" src=\"https:\/\/www.youtube.com\/embed\/bBpPROl7xes?feature=oembed&amp;wmode=opaque\" frameborder=\"0\" allow=\"accelerometer; autoplay; clipboard-write; encrypted-media; gyroscope; picture-in-picture\" allowfullscreen><\/iframe><\/p>\n<p>L&#8217;\u00c0rea Metropolitana de Barcelona (AMB), l\u2019Ajuntament de Sant Feliu de Llobregat, l\u2019Associaci\u00f3 d\u2019Empresaris dels Pol\u00edgons d\u2019Activitat econ\u00f2mica de Sant Feliu (AEPLA) i 12 empreses del pol\u00edgon del Pla\u00a0(Sobime, Desmontes y Construcciones Romero, CDT Isma Llobregat, Dallant, Openers and Closers, Mersen Iberica, Soler i Sauret, Set-Prat Paper Distribucions, Iberital de Recambios, Audiocerver, Solrac Coating i Bicicletas Monty) hem signat avui un conveni de col\u00b7laboraci\u00f3 per impulsar el projecte Biciempresa,\u00a0que\u00a0promou l\u2019\u00fas de la bicicleta en els despla\u00e7aments diaris per arribar a la feina.<\/p>\n<p>Per primera vegada s\u2019experimenta una col\u00b7laboraci\u00f3 p\u00fablico-privada amb dues empreses del pol\u00edgon (Bicicletas Monty i Soler i Sauret), que tamb\u00e9 cedeixen bicicletes el\u00e8ctriques als treballadors del pol\u00edgon.<\/p>\n<p>Els treballadors del pol\u00edgon tindran a la seva disposici\u00f3 una flota total de 37 bicicletes, majorit\u00e0riament el\u00e8ctriques plegables o de passeig, durant 6 mesos. A m\u00e9s, l\u2019AMB facilitar\u00e0 aparcament segur als punts d\u2019intercanvi modal (estacions de RENFE, tramvia) i en altres punts estrat\u00e8gics de Sant Feliu de Llobregat, mitjan\u00e7ant m\u00f2duls del servei metropolit\u00e0 <a href=\"http:\/\/www.bicibox.cat\" target=\"_blank\" rel=\"noopener\">Bicibox<\/a>.<\/p>\n<p><a href=\"https:\/\/blogs.amb.cat\/bicicleta\/wp-content\/uploads\/sites\/5\/2017\/11\/20171102_131114.jpg\"><img class=\"alignnone size-large wp-image-612\" src=\"https:\/\/blogs.amb.cat\/bicicleta\/wp-content\/uploads\/sites\/5\/2017\/11\/20171102_131114-1024x576.jpg\" alt=\"20171102_131114\" width=\"640\" height=\"360\" srcset=\"https:\/\/blogs.amb.cat\/bicicleta\/wp-content\/uploads\/sites\/5\/2017\/11\/20171102_131114-1024x576.jpg 1024w, https:\/\/blogs.amb.cat\/bicicleta\/wp-content\/uploads\/sites\/5\/2017\/11\/20171102_131114-300x169.jpg 300w, https:\/\/blogs.amb.cat\/bicicleta\/wp-content\/uploads\/sites\/5\/2017\/11\/20171102_131114.jpg 2016w\" sizes=\"(max-width: 640px) 100vw, 640px\" \/><\/a><\/p>\n<p><a href=\"https:\/\/blogs.amb.cat\/bicicleta\/wp-content\/uploads\/sites\/5\/2017\/11\/20171102_132518.jpg\"><img class=\"alignnone size-large wp-image-613\" src=\"https:\/\/blogs.amb.cat\/bicicleta\/wp-content\/uploads\/sites\/5\/2017\/11\/20171102_132518-1024x576.jpg\" alt=\"20171102_132518\" width=\"640\" height=\"360\" srcset=\"https:\/\/blogs.amb.cat\/bicicleta\/wp-content\/uploads\/sites\/5\/2017\/11\/20171102_132518-1024x576.jpg 1024w, https:\/\/blogs.amb.cat\/bicicleta\/wp-content\/uploads\/sites\/5\/2017\/11\/20171102_132518-300x169.jpg 300w, https:\/\/blogs.amb.cat\/bicicleta\/wp-content\/uploads\/sites\/5\/2017\/11\/20171102_132518.jpg 2016w\" sizes=\"(max-width: 640px) 100vw, 640px\" \/><\/a><\/p>\n<p><a href=\"https:\/\/blogs.amb.cat\/bicicleta\/wp-content\/uploads\/sites\/5\/2017\/11\/20171102_132911.jpg\"><img class=\"alignnone size-large wp-image-614\" src=\"https:\/\/blogs.amb.cat\/bicicleta\/wp-content\/uploads\/sites\/5\/2017\/11\/20171102_132911-1024x576.jpg\" alt=\"20171102_132911\" width=\"640\" height=\"360\" srcset=\"https:\/\/blogs.amb.cat\/bicicleta\/wp-content\/uploads\/sites\/5\/2017\/11\/20171102_132911-1024x576.jpg 1024w, https:\/\/blogs.amb.cat\/bicicleta\/wp-content\/uploads\/sites\/5\/2017\/11\/20171102_132911-300x169.jpg 300w, https:\/\/blogs.amb.cat\/bicicleta\/wp-content\/uploads\/sites\/5\/2017\/11\/20171102_132911.jpg 2016w\" sizes=\"(max-width: 640px) 100vw, 640px\" \/><\/a><\/p>\n<p><a href=\"https:\/\/blogs.amb.cat\/bicicleta\/wp-content\/uploads\/sites\/5\/2017\/11\/20171102_133003.jpg\"><img class=\"alignnone size-large wp-image-615\" src=\"https:\/\/blogs.amb.cat\/bicicleta\/wp-content\/uploads\/sites\/5\/2017\/11\/20171102_133003-1024x576.jpg\" alt=\"20171102_133003\" width=\"640\" height=\"360\" srcset=\"https:\/\/blogs.amb.cat\/bicicleta\/wp-content\/uploads\/sites\/5\/2017\/11\/20171102_133003-1024x576.jpg 1024w, https:\/\/blogs.amb.cat\/bicicleta\/wp-content\/uploads\/sites\/5\/2017\/11\/20171102_133003-300x169.jpg 300w, https:\/\/blogs.amb.cat\/bicicleta\/wp-content\/uploads\/sites\/5\/2017\/11\/20171102_133003.jpg 2016w\" sizes=\"(max-width: 640px) 100vw, 640px\" \/><\/a><\/p>\n<p>Per part de l\u2019Ajuntament de Sant Feliu de Llobregat, el consistori es compromet a realitzar actuacions d\u2019ampliaci\u00f3, millora i manteniment de la xarxa de vies pedalables del municipi (amb subvencions de l\u2019AMB), aix\u00ed com a garantir-ne la senyalitzaci\u00f3.<\/p>\n<p>Conjuntament, Ajuntament i AMB realitzaran sessions de formaci\u00f3 als treballadors usuaris de les bicicletes sobre el bon \u00fas (posada en marxa, funcionament, rec\u00e0rrega de la bateria, asseguran\u00e7a, servei Bicibox&#8230;) i sobre seguretat vi\u00e0ria i regulaci\u00f3 de la circulaci\u00f3 per establir recorreguts segurs al voltant del centre de treball.<\/p>\n<p>L\u2019Associaci\u00f3 d\u2019Empresaris AEPLA es compromet a vetllar per tal que es mantingui l\u2019inter\u00e8s en l\u2019\u00fas de la bicicleta en els despla\u00e7aments a la feina per part de les empreses del pol\u00edgon del Pla.<\/p>\n<p>Les empreses es comprometen a facilitar aparcament segur a les bicicletes dins del recinte de l\u2019empresa i a permetre que les bateries de les bicicletes el\u00e8ctriques es puguin recarregar al lloc de treball. Tamb\u00e9 es comprometen a promocionar l\u2019\u00fas de la bicicleta en els despla\u00e7aments \u201cin itinere\u201d i \u201cin labore\u201d per part dels seus treballadors.<\/p>\n<p><a href=\"http:\/\/www.amb.cat\/ca\/web\/mobilitat\/actualitat\/noticies\/detall\/-\/noticia\/biciempresa-al-poligon-del-pla\/6599783\/11704\" target=\"_blank\" rel=\"noopener\">Enlla\u00e7 a la not\u00edcia<\/a><\/p>\n","protected":false},"excerpt":{"rendered":"<p>Avui hem signat un conveni a&#8230; 15 bandes! L&#8217;\u00c0rea Metropolitana de Barcelona (AMB), l\u2019Ajuntament de Sant Feliu de Llobregat, l\u2019Associaci\u00f3 d\u2019Empresaris dels Pol\u00edgons d\u2019Activitat econ\u00f2mica de Sant Feliu (AEPLA) i 12 empreses del pol\u00edgon del Pla\u00a0(Sobime, Desmontes y Construcciones Romero, CDT Isma Llobregat, Dallant, Openers and Closers, Mersen Iberica, Soler i Sauret, Set-Prat Paper Distribucions, [&hellip;]<\/p>\n","protected":false},"author":13,"featured_media":616,"comment_status":"closed","ping_status":"open","sticky":false,"template":"","format":"standard","meta":{"_oasis_is_in_workflow":0,"_oasis_original":0,"ngg_post_thumbnail":0},"categories":[20,22],"tags":[242,78,260,56,72,152,238,236,76,258,66,240,60],"_links":{"self":[{"href":"https:\/\/blogs.amb.cat\/bicicleta\/wp-json\/wp\/v2\/posts\/611"}],"collection":[{"href":"https:\/\/blogs.amb.cat\/bicicleta\/wp-json\/wp\/v2\/posts"}],"about":[{"href":"https:\/\/blogs.amb.cat\/bicicleta\/wp-json\/wp\/v2\/types\/post"}],"author":[{"embeddable":true,"href":"https:\/\/blogs.amb.cat\/bicicleta\/wp-json\/wp\/v2\/users\/13"}],"replies":[{"embeddable":true,"href":"https:\/\/blogs.amb.cat\/bicicleta\/wp-json\/wp\/v2\/comments?post=611"}],"version-history":[{"count":5,"href":"https:\/\/blogs.amb.cat\/bicicleta\/wp-json\/wp\/v2\/posts\/611\/revisions"}],"predecessor-version":[{"id":1587,"href":"https:\/\/blogs.amb.cat\/bicicleta\/wp-json\/wp\/v2\/posts\/611\/revisions\/1587"}],"wp:featuredmedia":[{"embeddable":true,"href":"https:\/\/blogs.amb.cat\/bicicleta\/wp-json\/wp\/v2\/media\/616"}],"wp:attachment":[{"href":"https:\/\/blogs.amb.cat\/bicicleta\/wp-json\/wp\/v2\/media?parent=611"}],"wp:term":[{"taxonomy":"category","embeddable":true,"href":"https:\/\/blogs.amb.cat\/bicicleta\/wp-json\/wp\/v2\/categories?post=611"},{"taxonomy":"post_tag","embeddable":true,"href":"https:\/\/blogs.amb.cat\/bicicleta\/wp-json\/wp\/v2\/tags?post=611"}],"curies":[{"name":"wp","href":"https:\/\/api.w.org\/{rel}","templated":true}]}}