
 







{"id":651,"date":"2017-11-22T09:27:53","date_gmt":"2017-11-22T09:27:53","guid":{"rendered":"http:\/\/blogs.amb.cat\/bicicleta\/?p=651"},"modified":"2020-12-15T12:51:05","modified_gmt":"2020-12-15T12:51:05","slug":"obre-el-bicihub-a-can-pico","status":"publish","type":"post","link":"https:\/\/blogs.amb.cat\/bicicleta\/ca\/2017\/11\/22\/obre-el-bicihub-a-can-pico\/","title":{"rendered":"Obre el Bicihub a Can Pic\u00f3"},"content":{"rendered":"<p>Aquest diumenge 26 de novembre al barri de Poblenou de Barcelona Biciclot organitza una <a href=\"http:\/\/www.biciclot.coop\/26-novembre-inaugurem-nostra-nova\/\" target=\"_blank\" rel=\"noopener noreferrer\">gran&nbsp;festa per la inauguraci\u00f3 del Bicihub<\/a>&nbsp;a l&#8217;edifici hist\u00f2ric de&nbsp;Can Pic\u00f3 (c. Pere IV 58).<\/p>\n<p>La jornada comen\u00e7ar\u00e0 amb una pedalada per acomiadar l&#8217;antiga seu de Biciclot, al Clot (c. Verneda).<\/p>\n<p>Entre les 10 i les 21h hi haur\u00e0 tot d&#8217;activitats per a petits i grans, incloent una paella popular (<a href=\"http:\/\/ow.ly\/sHBN30gAAZZ\" target=\"_blank\" rel=\"noopener noreferrer\">inscripcions<\/a>)<\/p>\n<p>Moltes felicitats a Biciclot pels 30 anys pedalant com entitat i pel projecte Bicihub, nou centre neur\u00e0lgic de la bici a&nbsp;la metr\u00f2poli. Us desitgem molts \u00e8xits!<\/p>\n<p style=\"text-align: center\"><a href=\"https:\/\/blogs.amb.cat\/bicicleta\/wp-content\/uploads\/sites\/5\/2017\/11\/cartell_BiciHub-001.jpg\"><img class=\"alignnone size-large wp-image-653\" src=\"https:\/\/blogs.amb.cat\/bicicleta\/wp-content\/uploads\/sites\/5\/2017\/11\/cartell_BiciHub-001-735x1024.jpg\" alt=\"cartell_BiciHub-001\" width=\"640\" height=\"892\" srcset=\"https:\/\/blogs.amb.cat\/bicicleta\/wp-content\/uploads\/sites\/5\/2017\/11\/cartell_BiciHub-001-735x1024.jpg 735w, https:\/\/blogs.amb.cat\/bicicleta\/wp-content\/uploads\/sites\/5\/2017\/11\/cartell_BiciHub-001-215x300.jpg 215w\" sizes=\"(max-width: 640px) 100vw, 640px\" \/><\/a><\/p>\n","protected":false},"excerpt":{"rendered":"<p>Aquest diumenge 26 de novembre al barri de Poblenou de Barcelona Biciclot organitza una gran&nbsp;festa per la inauguraci\u00f3 del Bicihub&nbsp;a l&#8217;edifici hist\u00f2ric de&nbsp;Can Pic\u00f3 (c. Pere IV 58). La jornada comen\u00e7ar\u00e0 amb una pedalada per acomiadar l&#8217;antiga seu de Biciclot, al Clot (c. Verneda). Entre les 10 i les 21h hi haur\u00e0 tot d&#8217;activitats per [&hellip;]<\/p>\n","protected":false},"author":13,"featured_media":652,"comment_status":"closed","ping_status":"open","sticky":false,"template":"","format":"standard","meta":{"_oasis_is_in_workflow":0,"_oasis_original":0,"ngg_post_thumbnail":0},"categories":[20,24],"tags":[42,222,310,308,496,86],"_links":{"self":[{"href":"https:\/\/blogs.amb.cat\/bicicleta\/wp-json\/wp\/v2\/posts\/651"}],"collection":[{"href":"https:\/\/blogs.amb.cat\/bicicleta\/wp-json\/wp\/v2\/posts"}],"about":[{"href":"https:\/\/blogs.amb.cat\/bicicleta\/wp-json\/wp\/v2\/types\/post"}],"author":[{"embeddable":true,"href":"https:\/\/blogs.amb.cat\/bicicleta\/wp-json\/wp\/v2\/users\/13"}],"replies":[{"embeddable":true,"href":"https:\/\/blogs.amb.cat\/bicicleta\/wp-json\/wp\/v2\/comments?post=651"}],"version-history":[{"count":2,"href":"https:\/\/blogs.amb.cat\/bicicleta\/wp-json\/wp\/v2\/posts\/651\/revisions"}],"predecessor-version":[{"id":1499,"href":"https:\/\/blogs.amb.cat\/bicicleta\/wp-json\/wp\/v2\/posts\/651\/revisions\/1499"}],"wp:featuredmedia":[{"embeddable":true,"href":"https:\/\/blogs.amb.cat\/bicicleta\/wp-json\/wp\/v2\/media\/652"}],"wp:attachment":[{"href":"https:\/\/blogs.amb.cat\/bicicleta\/wp-json\/wp\/v2\/media?parent=651"}],"wp:term":[{"taxonomy":"category","embeddable":true,"href":"https:\/\/blogs.amb.cat\/bicicleta\/wp-json\/wp\/v2\/categories?post=651"},{"taxonomy":"post_tag","embeddable":true,"href":"https:\/\/blogs.amb.cat\/bicicleta\/wp-json\/wp\/v2\/tags?post=651"}],"curies":[{"name":"wp","href":"https:\/\/api.w.org\/{rel}","templated":true}]}}