
 







{"id":678,"date":"2018-03-09T14:48:22","date_gmt":"2018-03-09T14:48:22","guid":{"rendered":"http:\/\/blogs.amb.cat\/bicicleta\/?p=678"},"modified":"2020-12-15T12:51:04","modified_gmt":"2020-12-15T12:51:04","slug":"daqui-poc-connectem-el-baix-llobregat-i-barcelona","status":"publish","type":"post","link":"https:\/\/blogs.amb.cat\/bicicleta\/ca\/2018\/03\/09\/daqui-poc-connectem-el-baix-llobregat-i-barcelona\/","title":{"rendered":"D&#8217;aqu\u00ed poc connectem&#8230; el Baix Llobregat i Barcelona!"},"content":{"rendered":"<p>Aquest 19 de mar\u00e7 finalment s&#8217;inaugura una connexi\u00f3 de 880m molt esperada. Es tracta d&#8217;un tram de la &#8216;Bicivia 7&#8217; que permetr\u00e0 enlla\u00e7ar a peu i en bicicleta\u00a0de forma segura el municipi d&#8217;Esplugues (i bona part del Baix Llobregat)\u00a0amb Barcelona.<\/p>\n<p>Aquest tram de la <a href=\"http:\/\/www.amb.cat\/ca\/web\/mobilitat\/projectes-oberts\/detall\/-\/projecteobert\/bicivia\/6439486\/11704?_ProjecteObertSearchListPortlet_WAR_AMBSearchPortletportlet_pageNum=1&amp;_ProjecteObertSearchListPortlet_WAR_AMBSearchPortletportlet_-restringit_view_schedule=null&amp;_ProjecteObertSearchListPortlet_WAR_AMBSearchPortletportlet_lang=ca_ES&amp;_ProjecteObertSearchListPortlet_WAR_AMBSearchPortletportlet_detailBackURL=%2Fweb%2Fmobilitat%2Fmobilitat-sostenible%2Factuacions-i-projectes\" target=\"_blank\" rel=\"noopener\">Bicivia<\/a>\u00a07, finan\u00e7at\u00a0per l&#8217;AMB i els ajuntaments d&#8217;Esplugues de Llobregat i Barcelona, compta amb espais diferenciats per a vianants i bicicletes, i parteix del parc de Cervantes a Barcelona. Des d&#8217;aquest punt i aprofitant el tal\u00fas del parc al costat de la B-23, el nou carril bici transcorre per sota de la ronda de Dalt, per sobre del ramal d&#8217;enlla\u00e7 entre la B-23 i la mateixa ronda de Dalt, i per un t\u00fanel sota dels diferents enlla\u00e7os que hi ha entre la ronda i la B-23. Tot, fins a incorporar-se a l&#8217;avinguda dels Pa\u00efsos Catalans d&#8217;Esplugues de Llobregat, on es donar\u00e0 continu\u00eftat a la connexi\u00f3 mitjan\u00e7ant un nou carril bici segregat a la banda muntanya de l&#8217;avinguda (actualment en execuci\u00f3). A la vegada, els municipis d&#8217;Esplugues i Sant Just estan treballant conjuntament, amb el suport de l&#8217;AMB, per tal d&#8217;executar la continuaci\u00f3 de l&#8217;eix pedalable entre av. Pa\u00efsos Catalans, Laure\u00e0 Mir\u00f3 i la carretera Reial.<\/p>\n<p>El cam\u00ed pedalable Esplugues &#8211; Diagonal, amb un cost total de 1,7 milions d&#8217;euros (IVA incl\u00f2s) ha estat possible gr\u00e0cies a la implicaci\u00f3 de l\u2019equip d\u2019Espai P\u00fablic de l\u2019AMB en la direcci\u00f3 de les obres, dels equips de Comunicaci\u00f3 i de Mobilitat de l\u2019AMB en el disseny i execuci\u00f3 de la senyal\u00e8tica, aix\u00ed com tamb\u00e9 la dels equips t\u00e8cnics dels dos municipis implicats. El projecte va ser redactat per l\u2019estudi d\u2019arquitectes Batlle i Roig i les empreses que han executat les obres han estat Rogasa (obra principal) i Agrot\u00e8cnia del Segri\u00e0 (jardineria i reg).<\/p>\n<p>Faltar\u00e0 per millorar la connexi\u00f3 del Pont d&#8217;Esplugues, per al que\u00a0s&#8217;ha encarregat des de l&#8217;AMB\u00a0la redacci\u00f3 d&#8217;un projecte executiu.<\/p>\n<p>A poc a poc, la Bicivia metropolitana es va obrint pas!<\/p>\n<p><a href=\"https:\/\/blogs.amb.cat\/bicicleta\/wp-content\/uploads\/sites\/5\/2018\/03\/Proposta_Original_AMB_Bicivia-7_totem-Esplugues-Diagonal_DIRECC.-LL-page-001.jpg\"><img class=\" size-large wp-image-689 aligncenter\" src=\"https:\/\/blogs.amb.cat\/bicicleta\/wp-content\/uploads\/sites\/5\/2018\/03\/Proposta_Original_AMB_Bicivia-7_totem-Esplugues-Diagonal_DIRECC.-LL-page-001-220x1024.jpg\" alt=\"Proposta_Original_AMB_Bicivia 7_totem Esplugues-Diagonal_DIRECC. LL-page-001\" width=\"220\" height=\"1024\" \/><\/a><\/p>\n<p>Us deixem unes fotos de la visita d&#8217;obra de fa uns dies, per tal que\u00a0pugueu veure com va avan\u00e7ant.<\/p>\n<p><a href=\"https:\/\/blogs.amb.cat\/bicicleta\/wp-content\/uploads\/sites\/5\/2018\/03\/20180222_111801.jpg\"><img class=\"alignnone size-large wp-image-680 aligncenter\" src=\"https:\/\/blogs.amb.cat\/bicicleta\/wp-content\/uploads\/sites\/5\/2018\/03\/20180222_111801-1024x576.jpg\" alt=\"20180222_111801\" width=\"640\" height=\"360\" srcset=\"https:\/\/blogs.amb.cat\/bicicleta\/wp-content\/uploads\/sites\/5\/2018\/03\/20180222_111801-1024x576.jpg 1024w, https:\/\/blogs.amb.cat\/bicicleta\/wp-content\/uploads\/sites\/5\/2018\/03\/20180222_111801-300x169.jpg 300w\" sizes=\"(max-width: 640px) 100vw, 640px\" \/><\/a><\/p>\n<p><a href=\"https:\/\/blogs.amb.cat\/bicicleta\/wp-content\/uploads\/sites\/5\/2018\/03\/20180222_110522.jpg\"><img class=\"alignnone size-large wp-image-682 aligncenter\" src=\"https:\/\/blogs.amb.cat\/bicicleta\/wp-content\/uploads\/sites\/5\/2018\/03\/20180222_110522-1024x576.jpg\" alt=\"20180222_110522\" width=\"640\" height=\"360\" srcset=\"https:\/\/blogs.amb.cat\/bicicleta\/wp-content\/uploads\/sites\/5\/2018\/03\/20180222_110522-1024x576.jpg 1024w, https:\/\/blogs.amb.cat\/bicicleta\/wp-content\/uploads\/sites\/5\/2018\/03\/20180222_110522-300x169.jpg 300w\" sizes=\"(max-width: 640px) 100vw, 640px\" \/><\/a><\/p>\n<p><a href=\"https:\/\/blogs.amb.cat\/bicicleta\/wp-content\/uploads\/sites\/5\/2018\/03\/20180222_110528.jpg\"><img class=\"alignnone size-large wp-image-683 aligncenter\" src=\"https:\/\/blogs.amb.cat\/bicicleta\/wp-content\/uploads\/sites\/5\/2018\/03\/20180222_110528-1024x576.jpg\" alt=\"20180222_110528\" width=\"640\" height=\"360\" srcset=\"https:\/\/blogs.amb.cat\/bicicleta\/wp-content\/uploads\/sites\/5\/2018\/03\/20180222_110528-1024x576.jpg 1024w, https:\/\/blogs.amb.cat\/bicicleta\/wp-content\/uploads\/sites\/5\/2018\/03\/20180222_110528-300x169.jpg 300w\" sizes=\"(max-width: 640px) 100vw, 640px\" \/><\/a><\/p>\n<p><a href=\"https:\/\/blogs.amb.cat\/bicicleta\/wp-content\/uploads\/sites\/5\/2018\/03\/20180222_110627.jpg\"><img class=\"alignnone size-large wp-image-684 aligncenter\" src=\"https:\/\/blogs.amb.cat\/bicicleta\/wp-content\/uploads\/sites\/5\/2018\/03\/20180222_110627-1024x576.jpg\" alt=\"20180222_110627\" width=\"640\" height=\"360\" srcset=\"https:\/\/blogs.amb.cat\/bicicleta\/wp-content\/uploads\/sites\/5\/2018\/03\/20180222_110627-1024x576.jpg 1024w, https:\/\/blogs.amb.cat\/bicicleta\/wp-content\/uploads\/sites\/5\/2018\/03\/20180222_110627-300x169.jpg 300w\" sizes=\"(max-width: 640px) 100vw, 640px\" \/><\/a><\/p>\n<p><a href=\"https:\/\/blogs.amb.cat\/bicicleta\/wp-content\/uploads\/sites\/5\/2018\/03\/20180222_110629.jpg\"><img class=\"alignnone size-large wp-image-685 aligncenter\" src=\"https:\/\/blogs.amb.cat\/bicicleta\/wp-content\/uploads\/sites\/5\/2018\/03\/20180222_110629-1024x576.jpg\" alt=\"20180222_110629\" width=\"640\" height=\"360\" srcset=\"https:\/\/blogs.amb.cat\/bicicleta\/wp-content\/uploads\/sites\/5\/2018\/03\/20180222_110629-1024x576.jpg 1024w, https:\/\/blogs.amb.cat\/bicicleta\/wp-content\/uploads\/sites\/5\/2018\/03\/20180222_110629-300x169.jpg 300w\" sizes=\"(max-width: 640px) 100vw, 640px\" \/><\/a><\/p>\n<p><a href=\"https:\/\/blogs.amb.cat\/bicicleta\/wp-content\/uploads\/sites\/5\/2018\/03\/20180222_110750.jpg\"><img class=\"alignnone size-large wp-image-686 aligncenter\" src=\"https:\/\/blogs.amb.cat\/bicicleta\/wp-content\/uploads\/sites\/5\/2018\/03\/20180222_110750-1024x576.jpg\" alt=\"20180222_110750\" width=\"640\" height=\"360\" srcset=\"https:\/\/blogs.amb.cat\/bicicleta\/wp-content\/uploads\/sites\/5\/2018\/03\/20180222_110750-1024x576.jpg 1024w, https:\/\/blogs.amb.cat\/bicicleta\/wp-content\/uploads\/sites\/5\/2018\/03\/20180222_110750-300x169.jpg 300w\" sizes=\"(max-width: 640px) 100vw, 640px\" \/><\/a><\/p>\n<p><a href=\"https:\/\/blogs.amb.cat\/bicicleta\/wp-content\/uploads\/sites\/5\/2018\/03\/20180222_110955.jpg\"><img class=\"alignnone size-large wp-image-688 aligncenter\" src=\"https:\/\/blogs.amb.cat\/bicicleta\/wp-content\/uploads\/sites\/5\/2018\/03\/20180222_110955-1024x576.jpg\" alt=\"20180222_110955\" width=\"640\" height=\"360\" srcset=\"https:\/\/blogs.amb.cat\/bicicleta\/wp-content\/uploads\/sites\/5\/2018\/03\/20180222_110955-1024x576.jpg 1024w, https:\/\/blogs.amb.cat\/bicicleta\/wp-content\/uploads\/sites\/5\/2018\/03\/20180222_110955-300x169.jpg 300w\" sizes=\"(max-width: 640px) 100vw, 640px\" \/><\/a><\/p>\n","protected":false},"excerpt":{"rendered":"<p>Aquest 19 de mar\u00e7 finalment s&#8217;inaugura una connexi\u00f3 de 880m molt esperada. Es tracta d&#8217;un tram de la &#8216;Bicivia 7&#8217; que permetr\u00e0 enlla\u00e7ar a peu i en bicicleta\u00a0de forma segura el municipi d&#8217;Esplugues (i bona part del Baix Llobregat)\u00a0amb Barcelona. Aquest tram de la Bicivia\u00a07, finan\u00e7at\u00a0per l&#8217;AMB i els ajuntaments d&#8217;Esplugues de Llobregat i Barcelona, [&hellip;]<\/p>\n","protected":false},"author":13,"featured_media":679,"comment_status":"closed","ping_status":"open","sticky":false,"template":"","format":"standard","meta":{"_oasis_is_in_workflow":0,"_oasis_original":0,"ngg_post_thumbnail":0},"categories":[20,24,22],"tags":[242,78,260,32,56,72,222,34,334,36,258,240,60,38],"_links":{"self":[{"href":"https:\/\/blogs.amb.cat\/bicicleta\/wp-json\/wp\/v2\/posts\/678"}],"collection":[{"href":"https:\/\/blogs.amb.cat\/bicicleta\/wp-json\/wp\/v2\/posts"}],"about":[{"href":"https:\/\/blogs.amb.cat\/bicicleta\/wp-json\/wp\/v2\/types\/post"}],"author":[{"embeddable":true,"href":"https:\/\/blogs.amb.cat\/bicicleta\/wp-json\/wp\/v2\/users\/13"}],"replies":[{"embeddable":true,"href":"https:\/\/blogs.amb.cat\/bicicleta\/wp-json\/wp\/v2\/comments?post=678"}],"version-history":[{"count":5,"href":"https:\/\/blogs.amb.cat\/bicicleta\/wp-json\/wp\/v2\/posts\/678\/revisions"}],"predecessor-version":[{"id":1584,"href":"https:\/\/blogs.amb.cat\/bicicleta\/wp-json\/wp\/v2\/posts\/678\/revisions\/1584"}],"wp:featuredmedia":[{"embeddable":true,"href":"https:\/\/blogs.amb.cat\/bicicleta\/wp-json\/wp\/v2\/media\/679"}],"wp:attachment":[{"href":"https:\/\/blogs.amb.cat\/bicicleta\/wp-json\/wp\/v2\/media?parent=678"}],"wp:term":[{"taxonomy":"category","embeddable":true,"href":"https:\/\/blogs.amb.cat\/bicicleta\/wp-json\/wp\/v2\/categories?post=678"},{"taxonomy":"post_tag","embeddable":true,"href":"https:\/\/blogs.amb.cat\/bicicleta\/wp-json\/wp\/v2\/tags?post=678"}],"curies":[{"name":"wp","href":"https:\/\/api.w.org\/{rel}","templated":true}]}}