
 







{"id":957,"date":"2018-10-10T14:55:14","date_gmt":"2018-10-10T14:55:14","guid":{"rendered":"http:\/\/blogs.amb.cat\/bicicleta\/?p=957"},"modified":"2020-12-15T12:51:01","modified_gmt":"2020-12-15T12:51:01","slug":"le-bicibox-la-bici-electrica-metropolitana","status":"publish","type":"post","link":"https:\/\/blogs.amb.cat\/bicicleta\/ca\/2018\/10\/10\/le-bicibox-la-bici-electrica-metropolitana\/","title":{"rendered":"L&#8217;e-Bicibox, la bici el\u00e8ctrica metropolitana"},"content":{"rendered":"<p>El passat 17 de setembre, coincidint amb la Setmana Europea de la Mobilitat, es va presentar l&#8217;e-Bicibox, la nova mesura de promoci\u00f3 de l&#8217;\u00fas de la bicicleta per a una mobilitat m\u00e9s sostenible. L&#8217;e-Bicibox oferir\u00e0, a partir de mitjans de gener de 2019, la possibilitat de provar una bici el\u00e8ctrica de manera f\u00e0cil i econ\u00f2mica.<\/p>\n<p>L\u2019e-Bicibox \u00e9s un sistema de bicicleta el\u00e8ctrica compartida i p\u00fablica, que comen\u00e7ar\u00e0 a operar a principis de l&#8217;any 2019 inicialment en 12 municipis de l\u2019\u00e0rea metropolitana. El nou servei permetr\u00e0 fer despla\u00e7aments tant municipals com intermunicipals, i s\u2019anir\u00e0 ampliant en funci\u00f3 de la demanda fins a cobrir tots els municipis metropolitans.<\/p>\n<p>L&#8217;e-Bicibox neix vinculat al servei d&#8217;aparcament gratu\u00eft Bicibox que, amb m\u00e9s de 10.000 usuaris i 283.000 bicicletes estacionades el 2017, ha demostrat ser una soluci\u00f3 d\u2019\u00e8xit per a l\u2019aparcament segur de bicicletes privades.<\/p>\n<p>La flota inicial constar\u00e0 de 300 bicicletes el\u00e8ctriques d&#8217;\u00fas compartit (i 30 m\u00e9s de recanvi) que estaran repartides en 45 m\u00f2duls tancats de 14 places exclusives per al servei e-Bicibox. Tot plegat significa 630 places d\u2019aparcament i garanteix una disponibilitat alta de pla\u00e7a d&#8217;estacionament lliure en qualsevol m\u00f2dul.<\/p>\n<p><a href=\"https:\/\/blogs.amb.cat\/bicicleta\/wp-content\/uploads\/sites\/5\/2018\/10\/e-Bicibox_Modul3.jpg\"><img class=\" size-large wp-image-960 aligncenter\" src=\"https:\/\/blogs.amb.cat\/bicicleta\/wp-content\/uploads\/sites\/5\/2018\/10\/e-Bicibox_Modul3-1024x683.jpg\" alt=\"e-Bicibox_Modul3\" width=\"640\" height=\"427\" srcset=\"https:\/\/blogs.amb.cat\/bicicleta\/wp-content\/uploads\/sites\/5\/2018\/10\/e-Bicibox_Modul3-1024x683.jpg 1024w, https:\/\/blogs.amb.cat\/bicicleta\/wp-content\/uploads\/sites\/5\/2018\/10\/e-Bicibox_Modul3-300x200.jpg 300w, https:\/\/blogs.amb.cat\/bicicleta\/wp-content\/uploads\/sites\/5\/2018\/10\/e-Bicibox_Modul3.jpg 1500w\" sizes=\"(max-width: 640px) 100vw, 640px\" \/><\/a><\/p>\n<p>Les bicicletes el\u00e8ctriques, amb un motor de 250 W, 3 marxes, selector de nivell d\u2019assist\u00e8ncia el\u00e8ctrica i velocitat d&#8217;assist\u00e8ncia al pedaleig limitada a 25 km\/h, inclouran un sistema de control via GPS que, a m\u00e9s de permetre&#8217;n la localitzaci\u00f3, permetr\u00e0 saber el nivell de c\u00e0rrega de la bateria i els quil\u00f2metres recorreguts, entre altres informacions que s\u2019integraran de l\u2019app de Bicibox.<\/p>\n<p><a href=\"https:\/\/blogs.amb.cat\/bicicleta\/wp-content\/uploads\/sites\/5\/2018\/10\/20180917_eBicibox1.jpg\"><img class=\" size-large wp-image-961 aligncenter\" src=\"https:\/\/blogs.amb.cat\/bicicleta\/wp-content\/uploads\/sites\/5\/2018\/10\/20180917_eBicibox1-1024x666.jpg\" alt=\"20180917_eBicibox1\" width=\"640\" height=\"416\" srcset=\"https:\/\/blogs.amb.cat\/bicicleta\/wp-content\/uploads\/sites\/5\/2018\/10\/20180917_eBicibox1-1024x666.jpg 1024w, https:\/\/blogs.amb.cat\/bicicleta\/wp-content\/uploads\/sites\/5\/2018\/10\/20180917_eBicibox1-300x195.jpg 300w, https:\/\/blogs.amb.cat\/bicicleta\/wp-content\/uploads\/sites\/5\/2018\/10\/20180917_eBicibox1.jpg 2000w\" sizes=\"(max-width: 640px) 100vw, 640px\" \/><\/a><\/p>\n<p>Els m\u00f2duls e-Bicibox volen complementar la xarxa de transport p\u00fablic per resoldre la mobilitat de l\u2019\u00faltim tram de despla\u00e7ament i, per tant, les ubicacions priorit\u00e0ries seran els punts d\u2019arribada als municipis. S\u2019estudiar\u00e0 tamb\u00e9, conjuntament amb els municipis, la implantaci\u00f3 en grans centres generadors de mobilitat com ara centres educatius, instal\u00b7lacions esportives, l\u00fadiques i culturals, establiments comercials o centres de treball. Podran complementar tamb\u00e9 la implantaci\u00f3 de zones de baixes emissions, oferint un servei llan\u00e7adora als aparcaments d&#8217;intercanvi dels accessos a aquestes zones.<\/p>\n<p><a href=\"https:\/\/blogs.amb.cat\/bicicleta\/wp-content\/uploads\/sites\/5\/2018\/10\/e-Bicibox_Modul2.jpg\"><img class=\" size-large wp-image-959 aligncenter\" src=\"https:\/\/blogs.amb.cat\/bicicleta\/wp-content\/uploads\/sites\/5\/2018\/10\/e-Bicibox_Modul2-1024x683.jpg\" alt=\"e-Bicibox_Modul2\" width=\"640\" height=\"427\" srcset=\"https:\/\/blogs.amb.cat\/bicicleta\/wp-content\/uploads\/sites\/5\/2018\/10\/e-Bicibox_Modul2-1024x683.jpg 1024w, https:\/\/blogs.amb.cat\/bicicleta\/wp-content\/uploads\/sites\/5\/2018\/10\/e-Bicibox_Modul2-300x200.jpg 300w, https:\/\/blogs.amb.cat\/bicicleta\/wp-content\/uploads\/sites\/5\/2018\/10\/e-Bicibox_Modul2.jpg 1500w\" sizes=\"(max-width: 640px) 100vw, 640px\" \/><\/a><\/p>\n<p>Inicialment, l&#8217;e-Bicibox estar\u00e0 operatiu entre les 7 i les 23 h (les bicis es poden retornar fins a les 24 h), 7 dies la setmana i 365 dies l&#8217;any, amb la possibilitat d\u2019adaptar l&#8217;horari en un futur en funci\u00f3 de la demanda i l&#8217;\u00fas que se&#8217;n faci.<\/p>\n<p>Pel que fa al funcionament, es crear\u00e0 un nou abonament que, a trav\u00e9s d\u2019una targeta sense contacte, identificar\u00e0 la persona i li permetr\u00e0 accedir al servei. L&#8217;abonament del servei inclour\u00e0 una quota anual de 30 \u20ac i una tarifa segons franges temporals d&#8217;\u00fas. Promocionalment, els primers 30 minuts seran gratu\u00efts. Tant la retirada de la bicicleta a l\u2019inici, com l\u2019estacionament al final del despla\u00e7ament s\u2019hauran de fer en un m\u00f2dul exclusiu del servei e-Bicibox, per\u00f2 durant el despla\u00e7ament, l\u2019abonament e-Bicibox tamb\u00e9 dona dret a estacionar la bicicleta d\u2019\u00fas compartit en un m\u00f2dul Bicibox. Aquest temps d\u2019estacionament tamb\u00e9 es comptabilitza com a temps de despla\u00e7ament subjecte a tarifa.<\/p>\n<p>Aix\u00ed que, si et mous per Castelldefels, Cornell\u00e0 de Llobregat, Esplugues de Llobregat, Gav\u00e0, l&#8217;Hospitalet de Llobregat, el Prat de Llobregat, Sant Boi de Llobregat, Sant Cugat del Vall\u00e8s, Sant Feliu de Llobregat, Sant Joan Desp\u00ed, Sant Just Desvern o Viladecans, estigues atent a les xarxes socials, a trav\u00e9s dels comptes Bicibox de <a href=\"https:\/\/twitter.com\/Bicibox_AMB\" target=\"_blank\" rel=\"noopener noreferrer\">Twitter<\/a> i <a href=\"https:\/\/www.facebook.com\/BiciboxAMB\/\" target=\"_blank\" rel=\"noopener noreferrer\">Facebook<\/a>, i al <a href=\"https:\/\/www.bicibox.cat\/ca-es\/\" target=\"_blank\" rel=\"noopener noreferrer\">web<\/a>, que actualitzaran properament m\u00e9s informaci\u00f3 del nou servei e-Bicibox.<\/p>\n<p><a href=\"https:\/\/blogs.amb.cat\/bicicleta\/wp-content\/uploads\/sites\/5\/2018\/10\/mapa_ebicibox.jpg\"><img class=\" wp-image-962 aligncenter\" src=\"https:\/\/blogs.amb.cat\/bicicleta\/wp-content\/uploads\/sites\/5\/2018\/10\/mapa_ebicibox.jpg\" alt=\"mapa_ebicibox\" width=\"684\" height=\"513\" srcset=\"https:\/\/blogs.amb.cat\/bicicleta\/wp-content\/uploads\/sites\/5\/2018\/10\/mapa_ebicibox.jpg 960w, https:\/\/blogs.amb.cat\/bicicleta\/wp-content\/uploads\/sites\/5\/2018\/10\/mapa_ebicibox-300x225.jpg 300w, https:\/\/blogs.amb.cat\/bicicleta\/wp-content\/uploads\/sites\/5\/2018\/10\/mapa_ebicibox-640x480.jpg 640w\" sizes=\"(max-width: 684px) 100vw, 684px\" \/><\/a><\/p>\n<p><a href=\"https:\/\/docs.amb.cat\/alfresco\/api\/-default-\/public\/alfresco\/versions\/1\/nodes\/6a107832-7590-40f1-ba57-a77a36098410\/content\/20180917_Dossier_e-Bicibox.pd?attachment=false&amp;mimeType=application\/pdf\" target=\"_blank\" rel=\"noopener noreferrer\">Dossier de premsa<\/a><\/p>\n<p><a href=\"http:\/\/www.amb.cat\/web\/amb\/actualitat\/sala-de-premsa\/notes-de-premsa\/detall\/-\/notapremsa\/7136970\/11696\" target=\"_blank\" rel=\"noopener noreferrer\">Nota de premsa<\/a><\/p>\n","protected":false},"excerpt":{"rendered":"<p>El passat 17 de setembre, coincidint amb la Setmana Europea de la Mobilitat, es va presentar l&#8217;e-Bicibox, la nova mesura de promoci\u00f3 de l&#8217;\u00fas de la bicicleta per a una mobilitat m\u00e9s sostenible. L&#8217;e-Bicibox oferir\u00e0, a partir de mitjans de gener de 2019, la possibilitat de provar una bici el\u00e8ctrica de manera f\u00e0cil i econ\u00f2mica. [&hellip;]<\/p>\n","protected":false},"author":13,"featured_media":958,"comment_status":"closed","ping_status":"open","sticky":false,"template":"","format":"standard","meta":{"_oasis_is_in_workflow":0,"_oasis_original":0,"ngg_post_thumbnail":0},"categories":[20,22],"tags":[50,28,364,368,152,30,362,366,66],"_links":{"self":[{"href":"https:\/\/blogs.amb.cat\/bicicleta\/wp-json\/wp\/v2\/posts\/957"}],"collection":[{"href":"https:\/\/blogs.amb.cat\/bicicleta\/wp-json\/wp\/v2\/posts"}],"about":[{"href":"https:\/\/blogs.amb.cat\/bicicleta\/wp-json\/wp\/v2\/types\/post"}],"author":[{"embeddable":true,"href":"https:\/\/blogs.amb.cat\/bicicleta\/wp-json\/wp\/v2\/users\/13"}],"replies":[{"embeddable":true,"href":"https:\/\/blogs.amb.cat\/bicicleta\/wp-json\/wp\/v2\/comments?post=957"}],"version-history":[{"count":6,"href":"https:\/\/blogs.amb.cat\/bicicleta\/wp-json\/wp\/v2\/posts\/957\/revisions"}],"predecessor-version":[{"id":1556,"href":"https:\/\/blogs.amb.cat\/bicicleta\/wp-json\/wp\/v2\/posts\/957\/revisions\/1556"}],"wp:featuredmedia":[{"embeddable":true,"href":"https:\/\/blogs.amb.cat\/bicicleta\/wp-json\/wp\/v2\/media\/958"}],"wp:attachment":[{"href":"https:\/\/blogs.amb.cat\/bicicleta\/wp-json\/wp\/v2\/media?parent=957"}],"wp:term":[{"taxonomy":"category","embeddable":true,"href":"https:\/\/blogs.amb.cat\/bicicleta\/wp-json\/wp\/v2\/categories?post=957"},{"taxonomy":"post_tag","embeddable":true,"href":"https:\/\/blogs.amb.cat\/bicicleta\/wp-json\/wp\/v2\/tags?post=957"}],"curies":[{"name":"wp","href":"https:\/\/api.w.org\/{rel}","templated":true}]}}