
 







{"id":996,"date":"2018-11-08T15:30:51","date_gmt":"2018-11-08T15:30:51","guid":{"rendered":"http:\/\/blogs.amb.cat\/bicicleta\/?p=996"},"modified":"2020-12-15T12:51:00","modified_gmt":"2020-12-15T12:51:00","slug":"subvencions-biciempresa","status":"publish","type":"post","link":"https:\/\/blogs.amb.cat\/bicicleta\/ca\/2018\/11\/08\/subvencions-biciempresa\/","title":{"rendered":"Subvencions Biciempresa"},"content":{"rendered":"<p>Si a la teva empresa voleu fomentar l&#8217;\u00fas de la bicicleta\u00a0per anar a la feina aquesta \u00e9s la vostra subvenci\u00f3!<\/p>\n<p>Us deixem fins a 5 bicis el\u00e8ctriques o mec\u00e0niques, de passeig o plegables, durant 6 mesos sense que us hagueu de preocupar de res!<\/p>\n<p>Teniu de temps per fer la sol\u00b7licitud fins al <strong>17 de desembre.<\/strong><\/p>\n<p>Us deixem un video resum de com va anar l&#8217;experi\u00e8ncia pilot de Biciempresa al pol\u00edgon del Pla, a Sant Feliu de Llobregat:<\/p>\n<p><iframe title=\"Biciempresa (cat)\" width=\"1170\" height=\"658\" src=\"https:\/\/www.youtube.com\/embed\/p05l2T_wQ3c?start=79&#038;feature=oembed&amp;wmode=opaque\" frameborder=\"0\" allow=\"accelerometer; autoplay; clipboard-write; encrypted-media; gyroscope; picture-in-picture\" allowfullscreen><\/iframe><\/p>\n<p><a href=\"https:\/\/www.amb.cat\/web\/amb\/seu-electronica\/tramits\/detall\/-\/tramit\/subvencions--en-especie-de-cessio-de-bicicletes--a-empreses-de-l-ambit\/6482891\/11696\" target=\"_blank\" rel=\"noopener\">Acc\u00e9s al tr\u00e0mit<\/a><\/p>\n","protected":false},"excerpt":{"rendered":"<p>Si a la teva empresa voleu fomentar l&#8217;\u00fas de la bicicleta\u00a0per anar a la feina aquesta \u00e9s la vostra subvenci\u00f3! Us deixem fins a 5 bicis el\u00e8ctriques o mec\u00e0niques, de passeig o plegables, durant 6 mesos sense que us hagueu de preocupar de res! Teniu de temps per fer la sol\u00b7licitud fins al 17 de [&hellip;]<\/p>\n","protected":false},"author":13,"featured_media":997,"comment_status":"closed","ping_status":"open","sticky":false,"template":"","format":"standard","meta":{"_oasis_is_in_workflow":0,"_oasis_original":0,"ngg_post_thumbnail":0},"categories":[20,24,22],"tags":[242,78,260,56,72,152,238,236,76,258,240],"_links":{"self":[{"href":"https:\/\/blogs.amb.cat\/bicicleta\/wp-json\/wp\/v2\/posts\/996"}],"collection":[{"href":"https:\/\/blogs.amb.cat\/bicicleta\/wp-json\/wp\/v2\/posts"}],"about":[{"href":"https:\/\/blogs.amb.cat\/bicicleta\/wp-json\/wp\/v2\/types\/post"}],"author":[{"embeddable":true,"href":"https:\/\/blogs.amb.cat\/bicicleta\/wp-json\/wp\/v2\/users\/13"}],"replies":[{"embeddable":true,"href":"https:\/\/blogs.amb.cat\/bicicleta\/wp-json\/wp\/v2\/comments?post=996"}],"version-history":[{"count":4,"href":"https:\/\/blogs.amb.cat\/bicicleta\/wp-json\/wp\/v2\/posts\/996\/revisions"}],"predecessor-version":[{"id":1575,"href":"https:\/\/blogs.amb.cat\/bicicleta\/wp-json\/wp\/v2\/posts\/996\/revisions\/1575"}],"wp:featuredmedia":[{"embeddable":true,"href":"https:\/\/blogs.amb.cat\/bicicleta\/wp-json\/wp\/v2\/media\/997"}],"wp:attachment":[{"href":"https:\/\/blogs.amb.cat\/bicicleta\/wp-json\/wp\/v2\/media?parent=996"}],"wp:term":[{"taxonomy":"category","embeddable":true,"href":"https:\/\/blogs.amb.cat\/bicicleta\/wp-json\/wp\/v2\/categories?post=996"},{"taxonomy":"post_tag","embeddable":true,"href":"https:\/\/blogs.amb.cat\/bicicleta\/wp-json\/wp\/v2\/tags?post=996"}],"curies":[{"name":"wp","href":"https:\/\/api.w.org\/{rel}","templated":true}]}}