
 







{"id":103,"date":"2019-02-04T13:45:29","date_gmt":"2019-02-04T13:45:29","guid":{"rendered":"http:\/\/blogs.amb.cat\/climaenergia\/?p=103"},"modified":"2020-12-15T12:41:04","modified_gmt":"2020-12-15T12:41:04","slug":"capsula-sobre-el-pla-clima-energia-2030","status":"publish","type":"post","link":"https:\/\/blogs.amb.cat\/climaenergia\/ca\/2019\/02\/04\/capsula-sobre-el-pla-clima-energia-2030\/","title":{"rendered":"C\u00e0psula sobre el Pla Clima Energia 2030"},"content":{"rendered":"<p>Aquesta c\u00e0psula audiovisual explica en tres minuts els principals impactes clim\u00e0tics a l&#8217;AMB, els objectius del Pla Clima Energia i algunes de les accions m\u00e9s rellevants per fer-hi front:<\/p>\n<p><iframe title=\"Pla Clima i Energia 2030\" width=\"1170\" height=\"658\" src=\"https:\/\/www.youtube.com\/embed\/b42Rz6mtoxA?feature=oembed\" frameborder=\"0\" allow=\"accelerometer; autoplay; clipboard-write; encrypted-media; gyroscope; picture-in-picture\" allowfullscreen><\/iframe><\/p>\n","protected":false},"excerpt":{"rendered":"<p>Aquesta c\u00e0psula audiovisual explica en tres minuts els principals impactes clim\u00e0tics a l&#8217;AMB, els objectius del Pla Clima Energia i algunes de les accions m\u00e9s rellevants per fer-hi front:<\/p>\n","protected":false},"author":24,"featured_media":109,"comment_status":"closed","ping_status":"open","sticky":false,"template":"","format":"standard","meta":{"_oasis_is_in_workflow":0,"_oasis_original":0,"ngg_post_thumbnail":0},"categories":[12],"tags":[],"_links":{"self":[{"href":"https:\/\/blogs.amb.cat\/climaenergia\/wp-json\/wp\/v2\/posts\/103"}],"collection":[{"href":"https:\/\/blogs.amb.cat\/climaenergia\/wp-json\/wp\/v2\/posts"}],"about":[{"href":"https:\/\/blogs.amb.cat\/climaenergia\/wp-json\/wp\/v2\/types\/post"}],"author":[{"embeddable":true,"href":"https:\/\/blogs.amb.cat\/climaenergia\/wp-json\/wp\/v2\/users\/24"}],"replies":[{"embeddable":true,"href":"https:\/\/blogs.amb.cat\/climaenergia\/wp-json\/wp\/v2\/comments?post=103"}],"version-history":[{"count":3,"href":"https:\/\/blogs.amb.cat\/climaenergia\/wp-json\/wp\/v2\/posts\/103\/revisions"}],"predecessor-version":[{"id":110,"href":"https:\/\/blogs.amb.cat\/climaenergia\/wp-json\/wp\/v2\/posts\/103\/revisions\/110"}],"wp:featuredmedia":[{"embeddable":true,"href":"https:\/\/blogs.amb.cat\/climaenergia\/wp-json\/wp\/v2\/media\/109"}],"wp:attachment":[{"href":"https:\/\/blogs.amb.cat\/climaenergia\/wp-json\/wp\/v2\/media?parent=103"}],"wp:term":[{"taxonomy":"category","embeddable":true,"href":"https:\/\/blogs.amb.cat\/climaenergia\/wp-json\/wp\/v2\/categories?post=103"},{"taxonomy":"post_tag","embeddable":true,"href":"https:\/\/blogs.amb.cat\/climaenergia\/wp-json\/wp\/v2\/tags?post=103"}],"curies":[{"name":"wp","href":"https:\/\/api.w.org\/{rel}","templated":true}]}}