
 







{"id":202,"date":"2019-08-01T09:22:40","date_gmt":"2019-08-01T09:22:40","guid":{"rendered":"http:\/\/blogs.amb.cat\/climaenergia\/?p=202"},"modified":"2020-12-15T12:41:02","modified_gmt":"2020-12-15T12:41:02","slug":"per-8e-any-lamb-renova-el-programa-dacords-voluntaris-per-a-la-reduccio-de-les-emissions-de-gasos-amb-efecte-dhivernacle-geh","status":"publish","type":"post","link":"https:\/\/blogs.amb.cat\/climaenergia\/ca\/2019\/08\/01\/per-8e-any-lamb-renova-el-programa-dacords-voluntaris-per-a-la-reduccio-de-les-emissions-de-gasos-amb-efecte-dhivernacle-geh\/","title":{"rendered":"Renovem el PAV per a la reducci\u00f3 de les emissions de GEH"},"content":{"rendered":"<p>L&#8217;AMB ha renovat, durant un any m\u00e9s, l&#8217;adhesi\u00f3 al Programa d&#8217;acords voluntaris (PAV) de l&#8217;<strong><a class=\"noarrow icon-web\" title=\"Oficina Catalana del Canvi Clim\u00e0tic\" href=\"https:\/\/canviclimatic.gencat.cat\/ca\/oficina\/\" target=\"_blank\" rel=\"noopener\">Oficina Catalana del Canvi Clim\u00e0tic<\/a><\/strong>\u00a0de la Generalitat de Catalunya. per a la reducci\u00f3 de les emissions de gasos amb efecte d&#8217;hivernacle (GEH), amb la qual cosa ratifica, per vuit\u00e8 any consecutiu, el seu comprom\u00eds de lluita contra el canvi clim\u00e0tic.<\/p>\n<blockquote><p>L&#8217;Acord voluntari \u00e9s un comprom\u00eds que es fonamenta en quatre principis b\u00e0sics: comprom\u00eds, voluntarietat, rigor i transpar\u00e8ncia de reconegut prestigi a nivell nacional i internacional.<\/p><\/blockquote>\n<p>L&#8217;AMB aplica aquest comprom\u00eds dins de la seva estrat\u00e8gia de gesti\u00f3 del carboni des de l&#8217;any 2011, i pel qual ha assolit una reducci\u00f3 d&#8217;emissions de GEH a les oficines de la seu institucional d&#8217;un 29% des de l&#8217;any 2011. En concret, entre l&#8217;any 2017 i 2018 la reducci\u00f3 va ser d&#8217;un 52%.<\/p>\n<p><a href=\"https:\/\/blogs.amb.cat\/climaenergia\/wp-content\/uploads\/sites\/11\/2019\/08\/20190731_renovacio_AAVV_2019.jpg\"><img class=\"aligncenter size-medium wp-image-206\" src=\"https:\/\/blogs.amb.cat\/climaenergia\/wp-content\/uploads\/sites\/11\/2019\/08\/20190731_renovacio_AAVV_2019-300x196.jpg\" alt=\"20190731_renovacio_AAVV_2019\" width=\"300\" height=\"196\" srcset=\"https:\/\/blogs.amb.cat\/climaenergia\/wp-content\/uploads\/sites\/11\/2019\/08\/20190731_renovacio_AAVV_2019-300x196.jpg 300w, https:\/\/blogs.amb.cat\/climaenergia\/wp-content\/uploads\/sites\/11\/2019\/08\/20190731_renovacio_AAVV_2019.jpg 400w\" sizes=\"(max-width: 300px) 100vw, 300px\" \/><\/a><\/p>\n<p>&nbsp;<\/p>\n<p><a href=\"http:\/\/www.amb.cat\/ca\/web\/medi-ambient\/actualitat\/noticies\/detall\/-\/noticia\/renovacio-dels-acords-voluntaris\/8040144\/11818\"><strong>M\u00e9s informaci\u00f3<\/strong><\/a><\/p>\n","protected":false},"excerpt":{"rendered":"<p>L&#8217;AMB ha renovat, durant un any m\u00e9s, l&#8217;adhesi\u00f3 al Programa d&#8217;acords voluntaris (PAV) de l&#8217;Oficina Catalana del Canvi Clim\u00e0tic\u00a0de la Generalitat de Catalunya. per a la reducci\u00f3 de les emissions de gasos amb efecte d&#8217;hivernacle (GEH), amb la qual cosa ratifica, per vuit\u00e8 any consecutiu, el seu comprom\u00eds de lluita contra el canvi clim\u00e0tic. L&#8217;Acord [&hellip;]<\/p>\n","protected":false},"author":7,"featured_media":201,"comment_status":"closed","ping_status":"open","sticky":false,"template":"","format":"standard","meta":{"_oasis_is_in_workflow":0,"_oasis_original":0,"ngg_post_thumbnail":0},"categories":[1],"tags":[20,22,24],"_links":{"self":[{"href":"https:\/\/blogs.amb.cat\/climaenergia\/wp-json\/wp\/v2\/posts\/202"}],"collection":[{"href":"https:\/\/blogs.amb.cat\/climaenergia\/wp-json\/wp\/v2\/posts"}],"about":[{"href":"https:\/\/blogs.amb.cat\/climaenergia\/wp-json\/wp\/v2\/types\/post"}],"author":[{"embeddable":true,"href":"https:\/\/blogs.amb.cat\/climaenergia\/wp-json\/wp\/v2\/users\/7"}],"replies":[{"embeddable":true,"href":"https:\/\/blogs.amb.cat\/climaenergia\/wp-json\/wp\/v2\/comments?post=202"}],"version-history":[{"count":5,"href":"https:\/\/blogs.amb.cat\/climaenergia\/wp-json\/wp\/v2\/posts\/202\/revisions"}],"predecessor-version":[{"id":333,"href":"https:\/\/blogs.amb.cat\/climaenergia\/wp-json\/wp\/v2\/posts\/202\/revisions\/333"}],"wp:featuredmedia":[{"embeddable":true,"href":"https:\/\/blogs.amb.cat\/climaenergia\/wp-json\/wp\/v2\/media\/201"}],"wp:attachment":[{"href":"https:\/\/blogs.amb.cat\/climaenergia\/wp-json\/wp\/v2\/media?parent=202"}],"wp:term":[{"taxonomy":"category","embeddable":true,"href":"https:\/\/blogs.amb.cat\/climaenergia\/wp-json\/wp\/v2\/categories?post=202"},{"taxonomy":"post_tag","embeddable":true,"href":"https:\/\/blogs.amb.cat\/climaenergia\/wp-json\/wp\/v2\/tags?post=202"}],"curies":[{"name":"wp","href":"https:\/\/api.w.org\/{rel}","templated":true}]}}