
 







{"id":474,"date":"2021-10-22T10:43:00","date_gmt":"2021-10-22T10:43:00","guid":{"rendered":"https:\/\/blogs.amb.cat\/climaenergia\/?p=474"},"modified":"2021-10-25T12:00:04","modified_gmt":"2021-10-25T12:00:04","slug":"lamb-sadhereix-a-la-campanya-cities-race-to-zero","status":"publish","type":"post","link":"https:\/\/blogs.amb.cat\/climaenergia\/ca\/2021\/10\/22\/lamb-sadhereix-a-la-campanya-cities-race-to-zero\/","title":{"rendered":"L\u2019AMB s\u2019adhereix a la campanya &#8220;Race to Zero&#8221;"},"content":{"rendered":"\n<p>Estem en un punt de no retorn. Els efectes del canvi clim\u00e0tic ja s\u00f3n evidents i ho seran m\u00e9s en els propers anys. Per aix\u00f2, la cimera sobre el clima de l\u2019ONU, la COP26, que se celebrar\u00e0 properament a Glasgow, t\u00e9 una import\u00e0ncia significativa, ja que els l\u00edders mundials hauran d\u2019assumir compromisos contundents per mantenir-nos per sota de l\u2019objectiu d\u2019increment d&#8217;1,5 \u00b0C de la temperatura mundial.<\/p>\n\n\n\n<p>En aquest context, la campanya mundial <strong>Race to Zero<\/strong> (impulsada per la presid\u00e8ncia de la COP26) t\u00e9 com a objectiu mobilitzar el lideratge des de la base local, aix\u00ed com donar visibilitat als compromisos sobre el clima assumits a aquest nivell. Aix\u00f2 enviar\u00e0 un missatge s\u00f2lid sobre com les ciutats, les regions, les universitats i les empreses estan units per assolir els objectius de Par\u00eds, i arribar a la neutralitat de carboni abans del 2050.<\/p>\n\n\n\n<p>Amb la seva adhesi\u00f3 a la campanya, l\u2019AMB reconeix que existeix una emerg\u00e8ncia clim\u00e0tica, que ens hem de mantenir per sota de l\u2019objectiu d\u20191,5 \u00b0C, i que s\u2019ha de posar l&#8217;acci\u00f3 clim\u00e0tica inclusiva al centre de tota presa de decisions.<\/p>\n\n\n\n<p>Els compromisos que ha adoptat&nbsp;l\u2019AMB amb aquesta adhesi\u00f3 son els seg\u00fcents:<\/p>\n\n\n\n<div class=\"wp-block-group\"><div class=\"wp-block-group__inner-container\">\n<ul><li>Creaci\u00f3 de societats m\u00e9s inclusives mitjan\u00e7ant accions per desenvolupar ciutats i barris de 15-30 minuts.<\/li><\/ul>\n\n\n\n<ul><li>Millorar la qualitat de l\u2019aire mitjan\u00e7ant l\u2019establiment de la ZBE i d\u2019objectius de reducci\u00f3 dins dels l\u00edmits establerts.<\/li><\/ul>\n\n\n\n<ul><li>Desenvolupar edificis neutres en carboni mitjan\u00e7ant la implementaci\u00f3 de programes pilot i incentius per millorar l\u2019efici\u00e8ncia energ\u00e8tica.<\/li><\/ul>\n\n\n\n<ul><li>Transici\u00f3 energ\u00e8tica, mitjan\u00e7ant ajuntaments 100 % renovables, treballant en pol\u00edtiques per millorar l\u2019efici\u00e8ncia energ\u00e8tica, desenvolupar ajudes financeres sobre energies renovables i incentivar projectes a gran escala sobre energia.<\/li><\/ul>\n\n\n\n<ul><li>Residus zero, mitjan\u00e7ant la millora de la gesti\u00f3 dels residus i reduint la disposici\u00f3 final a dip\u00f2sit controlat, assegurar la captaci\u00f3 de gas i reduir la quantitat de residus incinerats.<\/li><\/ul>\n\n\n\n<p><\/p>\n<\/div><\/div>\n\n\n\n<p>A m\u00e9s d\u2019impulsar accions per tenir ciutats metropolitanes m\u00e9s adaptades i naturalitzades mitjan\u00e7ant la millora de la infraestructura verda urbana i incrementar els refugis clim\u00e0tics al territori.<\/p>\n","protected":false},"excerpt":{"rendered":"<p>Estem en un punt de no retorn. Els efectes del canvi clim\u00e0tic ja s\u00f3n evidents i ho seran m\u00e9s en els propers anys. Per aix\u00f2, la cimera sobre el clima de l\u2019ONU, la COP26, que se celebrar\u00e0 properament a Glasgow, t\u00e9 una import\u00e0ncia significativa, ja que els l\u00edders mundials hauran d\u2019assumir compromisos contundents per mantenir-nos [&hellip;]<\/p>\n","protected":false},"author":24,"featured_media":477,"comment_status":"closed","ping_status":"open","sticky":false,"template":"","format":"standard","meta":{"_oasis_is_in_workflow":0,"_oasis_original":0,"ngg_post_thumbnail":0},"categories":[6,1],"tags":[],"_links":{"self":[{"href":"https:\/\/blogs.amb.cat\/climaenergia\/wp-json\/wp\/v2\/posts\/474"}],"collection":[{"href":"https:\/\/blogs.amb.cat\/climaenergia\/wp-json\/wp\/v2\/posts"}],"about":[{"href":"https:\/\/blogs.amb.cat\/climaenergia\/wp-json\/wp\/v2\/types\/post"}],"author":[{"embeddable":true,"href":"https:\/\/blogs.amb.cat\/climaenergia\/wp-json\/wp\/v2\/users\/24"}],"replies":[{"embeddable":true,"href":"https:\/\/blogs.amb.cat\/climaenergia\/wp-json\/wp\/v2\/comments?post=474"}],"version-history":[{"count":4,"href":"https:\/\/blogs.amb.cat\/climaenergia\/wp-json\/wp\/v2\/posts\/474\/revisions"}],"predecessor-version":[{"id":483,"href":"https:\/\/blogs.amb.cat\/climaenergia\/wp-json\/wp\/v2\/posts\/474\/revisions\/483"}],"wp:featuredmedia":[{"embeddable":true,"href":"https:\/\/blogs.amb.cat\/climaenergia\/wp-json\/wp\/v2\/media\/477"}],"wp:attachment":[{"href":"https:\/\/blogs.amb.cat\/climaenergia\/wp-json\/wp\/v2\/media?parent=474"}],"wp:term":[{"taxonomy":"category","embeddable":true,"href":"https:\/\/blogs.amb.cat\/climaenergia\/wp-json\/wp\/v2\/categories?post=474"},{"taxonomy":"post_tag","embeddable":true,"href":"https:\/\/blogs.amb.cat\/climaenergia\/wp-json\/wp\/v2\/tags?post=474"}],"curies":[{"name":"wp","href":"https:\/\/api.w.org\/{rel}","templated":true}]}}