
 







{"id":52,"date":"2018-12-20T08:53:57","date_gmt":"2018-12-20T08:53:57","guid":{"rendered":"http:\/\/blogs.amb.cat\/climaenergia\/?p=52"},"modified":"2020-12-15T12:41:04","modified_gmt":"2020-12-15T12:41:04","slug":"ponencia-sobre-fotolineres-al-citcea-upc","status":"publish","type":"post","link":"https:\/\/blogs.amb.cat\/climaenergia\/ca\/2018\/12\/20\/ponencia-sobre-fotolineres-al-citcea-upc\/","title":{"rendered":"Pon\u00e8ncia sobre fotolineres al CITCEA-UPC"},"content":{"rendered":"<p>L&#8217;AMB ha estat convidada per a realitzar una pon\u00e8ncia sobre el seu projecte de Xarxa de Fotolineres a la <a href=\"https:\/\/www.citcea.upc.edu\/file\/9c3d2e875b7ea423974ad6e919a745b6b1be05de\/2018_11_Brochure_JIIEE.pdf\">XI INTERNATIONAL CONFERENCE ON ENERGY INNOVATION &#8220;INTEGRATION OF BATTERIES AND ELECTRICAL VEHICLES: TOWARDS A MORE FLEXIBLE POWER SYSTEM&#8221;<\/a> organitzada pel grup de recerca de la <a href=\"https:\/\/www.citcea.upc.edu\/\">UPC CITCEA<\/a>, conjuntament amb la C\u00e0tedra Endesa UPC d\u2019Innovaci\u00f3 energ\u00e8tica, celebrada a Barcelona el dia 16 de novembre. En el programa d\u2019aquesta confer\u00e8ncia, hi ha hagut intervencions destacades de diferents investigadors experts en la tem\u00e0tica vinculats al CITCEA i al SINTEFF, autoritats p\u00fabliques com Assumpta Farran per part de l\u2019ICAEN i representats destacats del sector com Narc\u00eds Vidal de Enel X o Xavier Farriols del CEEC.<\/p>\n<p>Gil Llad\u00f3, t\u00e8cnic d&#8217;energia i canvi clim\u00e0tic de la Direcci\u00f3 de Serveis Ambientals de l&#8217;AMB va ser l&#8217;encarregat de presentar la pon\u00e8ncia <strong>\u201c<em>Employee solar charging stations: a comprehensive energy transition project\u201d<\/em><\/strong>.<\/p>\n<p>A banda de projectes com els presentats per l\u2019AMB, tamb\u00e9 s&#8217;han tractat altres temes de gran inter\u00e8s relacionats amb la innovaci\u00f3 energ\u00e8tica, destacant els projectes d\u2019emmagatzematge i integraci\u00f3 d\u2019energies renovables o la prova pilot d\u2019illa energ\u00e8tica durant la celebraci\u00f3 del darrer Expoelectric.<\/p>\n<p>On: Sala d\u2019actes, UPC BarcelonaTech, Avda. Diagonal 647, 08028 Barcelona<\/p>\n<p>Enlla\u00e7os relacionats:<\/p>\n<ul>\n<li><a title=\"T\u00edtol prova\" href=\"http:\/\/www.amb.cat\/web\/11818\/208\">http:\/\/www.amb.cat\/web\/11818\/208<\/a><\/li>\n<\/ul>\n<p><!-- index.php -->\n<div\n\tclass=\"ngg-galleryoverview ngg-ajax-pagination-none\"\n\tid=\"ngg-gallery-63-1\">\n\n    \t\t<!-- Thumbnails -->\n\t\t\t\t<div id=\"ngg-image-0\" class=\"ngg-gallery-thumbnail-box\" >\n\t\t\t\t        <div class=\"ngg-gallery-thumbnail\">\n            <a href=\"https:\/\/blogs.amb.cat\/climaenergia\/wp-content\/uploads\/sites\/11\/nggallery\/galeria-citcea\/1.jpg\"\n               title=\"\"\n               data-src=\"https:\/\/blogs.amb.cat\/climaenergia\/wp-content\/uploads\/sites\/11\/nggallery\/galeria-citcea\/1.jpg\"\n               data-thumbnail=\"https:\/\/blogs.amb.cat\/climaenergia\/wp-content\/uploads\/sites\/11\/nggallery\/galeria-citcea\/thumbs\/thumbs_1.jpg\"\n               data-image-id=\"1\"\n               data-title=\"1.jpg\"\n               data-description=\"\"\n               data-image-slug=\"1-jpg\"\n               class=\"ngg-fancybox\" rel=\"63\">\n                <img\n                    title=\"1.jpg\"\n                    alt=\"1.jpg\"\n                    src=\"https:\/\/blogs.amb.cat\/climaenergia\/wp-content\/uploads\/sites\/11\/nggallery\/galeria-citcea\/thumbs\/thumbs_1.jpg\"\n                    width=\"120\"\n                    height=\"90\"\n                    style=\"max-width:100%;\"\n                \/>\n            <\/a>\n        <\/div>\n\t\t\t\t\t\t\t<\/div> \n\t\t\t\n        \n\t\t\t\t<div id=\"ngg-image-1\" class=\"ngg-gallery-thumbnail-box\" >\n\t\t\t\t        <div class=\"ngg-gallery-thumbnail\">\n            <a href=\"https:\/\/blogs.amb.cat\/climaenergia\/wp-content\/uploads\/sites\/11\/nggallery\/galeria-citcea\/2.jpg\"\n               title=\"\"\n               data-src=\"https:\/\/blogs.amb.cat\/climaenergia\/wp-content\/uploads\/sites\/11\/nggallery\/galeria-citcea\/2.jpg\"\n               data-thumbnail=\"https:\/\/blogs.amb.cat\/climaenergia\/wp-content\/uploads\/sites\/11\/nggallery\/galeria-citcea\/thumbs\/thumbs_2.jpg\"\n               data-image-id=\"2\"\n               data-title=\"2.jpg\"\n               data-description=\"\"\n               data-image-slug=\"2-jpg\"\n               class=\"ngg-fancybox\" rel=\"63\">\n                <img\n                    title=\"2.jpg\"\n                    alt=\"2.jpg\"\n                    src=\"https:\/\/blogs.amb.cat\/climaenergia\/wp-content\/uploads\/sites\/11\/nggallery\/galeria-citcea\/thumbs\/thumbs_2.jpg\"\n                    width=\"120\"\n                    height=\"90\"\n                    style=\"max-width:100%;\"\n                \/>\n            <\/a>\n        <\/div>\n\t\t\t\t\t\t\t<\/div> \n\t\t\t\n        \n\t\t\t\t<div id=\"ngg-image-2\" class=\"ngg-gallery-thumbnail-box\" >\n\t\t\t\t        <div class=\"ngg-gallery-thumbnail\">\n            <a href=\"https:\/\/blogs.amb.cat\/climaenergia\/wp-content\/uploads\/sites\/11\/nggallery\/galeria-citcea\/3.jpg\"\n               title=\"\"\n               data-src=\"https:\/\/blogs.amb.cat\/climaenergia\/wp-content\/uploads\/sites\/11\/nggallery\/galeria-citcea\/3.jpg\"\n               data-thumbnail=\"https:\/\/blogs.amb.cat\/climaenergia\/wp-content\/uploads\/sites\/11\/nggallery\/galeria-citcea\/thumbs\/thumbs_3.jpg\"\n               data-image-id=\"3\"\n               data-title=\"3.jpg\"\n               data-description=\"\"\n               data-image-slug=\"3-jpg\"\n               class=\"ngg-fancybox\" rel=\"63\">\n                <img\n                    title=\"3.jpg\"\n                    alt=\"3.jpg\"\n                    src=\"https:\/\/blogs.amb.cat\/climaenergia\/wp-content\/uploads\/sites\/11\/nggallery\/galeria-citcea\/thumbs\/thumbs_3.jpg\"\n                    width=\"120\"\n                    height=\"90\"\n                    style=\"max-width:100%;\"\n                \/>\n            <\/a>\n        <\/div>\n\t\t\t\t\t\t\t<\/div> \n\t\t\t\n        \n\t\t\t\t<div id=\"ngg-image-3\" class=\"ngg-gallery-thumbnail-box\" >\n\t\t\t\t        <div class=\"ngg-gallery-thumbnail\">\n            <a href=\"https:\/\/blogs.amb.cat\/climaenergia\/wp-content\/uploads\/sites\/11\/nggallery\/galeria-citcea\/4.jpg\"\n               title=\"\"\n               data-src=\"https:\/\/blogs.amb.cat\/climaenergia\/wp-content\/uploads\/sites\/11\/nggallery\/galeria-citcea\/4.jpg\"\n               data-thumbnail=\"https:\/\/blogs.amb.cat\/climaenergia\/wp-content\/uploads\/sites\/11\/nggallery\/galeria-citcea\/thumbs\/thumbs_4.jpg\"\n               data-image-id=\"4\"\n               data-title=\"4.jpg\"\n               data-description=\"\"\n               data-image-slug=\"4-jpg\"\n               class=\"ngg-fancybox\" rel=\"63\">\n                <img\n                    title=\"4.jpg\"\n                    alt=\"4.jpg\"\n                    src=\"https:\/\/blogs.amb.cat\/climaenergia\/wp-content\/uploads\/sites\/11\/nggallery\/galeria-citcea\/thumbs\/thumbs_4.jpg\"\n                    width=\"120\"\n                    height=\"90\"\n                    style=\"max-width:100%;\"\n                \/>\n            <\/a>\n        <\/div>\n\t\t\t\t\t\t\t<\/div> \n\t\t\t\n        \n\t\t\n\t\t<!-- Pagination -->\n\t<div class='ngg-clear'><\/div>\t<\/div>\n<\/p>\n","protected":false},"excerpt":{"rendered":"<p>L&#8217;AMB ha estat convidada per a realitzar una pon\u00e8ncia sobre el seu projecte de Xarxa de Fotolineres a la XI INTERNATIONAL CONFERENCE ON ENERGY INNOVATION &#8220;INTEGRATION OF BATTERIES AND ELECTRICAL VEHICLES: TOWARDS A MORE FLEXIBLE POWER SYSTEM&#8221;<\/p>\n","protected":false},"author":1,"featured_media":64,"comment_status":"closed","ping_status":"open","sticky":false,"template":"","format":"standard","meta":{"_oasis_is_in_workflow":0,"_oasis_original":0,"ngg_post_thumbnail":0},"categories":[8],"tags":[],"_links":{"self":[{"href":"https:\/\/blogs.amb.cat\/climaenergia\/wp-json\/wp\/v2\/posts\/52"}],"collection":[{"href":"https:\/\/blogs.amb.cat\/climaenergia\/wp-json\/wp\/v2\/posts"}],"about":[{"href":"https:\/\/blogs.amb.cat\/climaenergia\/wp-json\/wp\/v2\/types\/post"}],"author":[{"embeddable":true,"href":"https:\/\/blogs.amb.cat\/climaenergia\/wp-json\/wp\/v2\/users\/1"}],"replies":[{"embeddable":true,"href":"https:\/\/blogs.amb.cat\/climaenergia\/wp-json\/wp\/v2\/comments?post=52"}],"version-history":[{"count":1,"href":"https:\/\/blogs.amb.cat\/climaenergia\/wp-json\/wp\/v2\/posts\/52\/revisions"}],"predecessor-version":[{"id":65,"href":"https:\/\/blogs.amb.cat\/climaenergia\/wp-json\/wp\/v2\/posts\/52\/revisions\/65"}],"wp:featuredmedia":[{"embeddable":true,"href":"https:\/\/blogs.amb.cat\/climaenergia\/wp-json\/wp\/v2\/media\/64"}],"wp:attachment":[{"href":"https:\/\/blogs.amb.cat\/climaenergia\/wp-json\/wp\/v2\/media?parent=52"}],"wp:term":[{"taxonomy":"category","embeddable":true,"href":"https:\/\/blogs.amb.cat\/climaenergia\/wp-json\/wp\/v2\/categories?post=52"},{"taxonomy":"post_tag","embeddable":true,"href":"https:\/\/blogs.amb.cat\/climaenergia\/wp-json\/wp\/v2\/tags?post=52"}],"curies":[{"name":"wp","href":"https:\/\/api.w.org\/{rel}","templated":true}]}}