
 







{"id":607,"date":"2023-07-13T07:11:07","date_gmt":"2023-07-13T07:11:07","guid":{"rendered":"https:\/\/blogs.amb.cat\/climaenergia\/?p=607"},"modified":"2023-07-13T07:14:04","modified_gmt":"2023-07-13T07:14:04","slug":"enquesta-per-avaluar-la-vulnerabilitat-i-ladaptacio-a-la-calor-extrema-a-la-metropoli-de-barcelona","status":"publish","type":"post","link":"https:\/\/blogs.amb.cat\/climaenergia\/ca\/2023\/07\/13\/enquesta-per-avaluar-la-vulnerabilitat-i-ladaptacio-a-la-calor-extrema-a-la-metropoli-de-barcelona\/","title":{"rendered":"Enquesta per avaluar la vulnerabilitat i l\u2019adaptaci\u00f3 a la calor extrema a la metr\u00f2poli de Barcelona"},"content":{"rendered":"\n<p>En els darrers anys, gr\u00e0cies a l\u2019\u00edndex de vulnerabilitat al canvi clim\u00e0tic (<a href=\"https:\/\/www.amb.cat\/web\/ecologia\/sostenibilitat\/canvi-climatic\/vulnerabilitat\" data-type=\"URL\" data-id=\"https:\/\/www.amb.cat\/web\/ecologia\/sostenibilitat\/canvi-climatic\/vulnerabilitat\" target=\"_blank\" rel=\"noreferrer noopener\">IVAC<\/a>), desenvolupat per l\u2019<a href=\"https:\/\/www.institutmetropoli.cat\/\" data-type=\"URL\" data-id=\"https:\/\/www.institutmetropoli.cat\/\" target=\"_blank\" rel=\"noreferrer noopener\">Institut Metr\u00f2poli<\/a> per enc\u00e0rrec de l\u2019AMB, s\u2019ha identificat les zones de l\u2019\u00e0mbit metropolit\u00e0 amb alta vulnerabilitat a la calor i s\u2019ha estimat el nombre de persones que hi resideixen. L\u2019adequaci\u00f3 de la metr\u00f2poli a les necessitats d\u2019aquestes zones i col\u00b7lectius m\u00e9s vulnerables a la calor, passa, tamb\u00e9, per disposar d\u2019informaci\u00f3 sobre els efectes de la calor en la salut i el benestar, les percepcions i els h\u00e0bits quotidians per fer-hi font, aix\u00ed com, les predisposicions i les valoracions de les mesures d\u2019adaptaci\u00f3 p\u00fabliques actualment disponibles.<\/p>\n\n\n\n<p>Per tal de treballar en aquesta direcci\u00f3, durant les properes setmanes es dur\u00e0 a terme el treball de camp d\u2019una enquesta a persones adultes que viuen en zones d\u2019elevada vulnerabilitat a la calor amb la finalitat de refor\u00e7ar les pol\u00edtiques metropolitanes d\u2019adaptaci\u00f3 al canvi clim\u00e0tic. Els objectius espec\u00edfics de l\u2019enquesta s\u00f3n:<\/p>\n\n\n\n<ul><li>Con\u00e8ixer com les persones que viuen en zones amb una elevada vulnerabilitat al canvi clim\u00e0tic, experimenten i perceben l\u2019augment de les temperatures.<\/li><li>Aprofundir en el coneixement de les mesures que prenen per adaptar-se a la calor extrema.<\/li><li>Valorar el seu coneixement i l\u2019\u00fas dels mecanismes d\u2019adaptaci\u00f3 a la calor promoguts per les administracions p\u00fabliques.<\/li><\/ul>\n\n\n\n<p class=\"has-medium-font-size\"><strong>1.200 entrevistes, al llarg del mes de juliol<\/strong><\/p>\n\n\n\n<p>Les 1.200 entrevistes que comporta l\u2019estudi seran dutes a terme per l\u2019empresa Gabinet d\u2019Estudis Socials i Opini\u00f3 P\u00fablica (GESOP), cadascuna tindr\u00e0 una durada aproximada de 15 minuts, i es realitzaran entre el 3 i el 31 de juliol de 2023, de dilluns a divendres, mitjan\u00e7ant la metodologia d\u2019entrevista telef\u00f2nica i presencial assistida per ordinador (CATI-CAPI).<\/p>\n\n\n\n<p class=\"has-medium-font-size\"><strong>Accions d\u2019adaptaci\u00f3 a la calor extrema<\/strong><\/p>\n\n\n\n<p>El Pla Clima i Energia (<a href=\"https:\/\/www.amb.cat\/ca\/web\/ecologia\/actualitat\/publicacions\/detall\/-\/publicacio\/pla-clima-i-energia-2030\/7155151\/11818\" data-type=\"URL\" data-id=\"https:\/\/www.amb.cat\/ca\/web\/ecologia\/actualitat\/publicacions\/detall\/-\/publicacio\/pla-clima-i-energia-2030\/7155151\/11818\" target=\"_blank\" rel=\"noreferrer noopener\">PCE 2030<\/a>) i la <a href=\"https:\/\/emergenciaclimatica.amb.cat\/\" data-type=\"URL\" data-id=\"https:\/\/emergenciaclimatica.amb.cat\/\" target=\"_blank\" rel=\"noreferrer noopener\">Declaraci\u00f3 d\u2019Emerg\u00e8ncia Clim\u00e0tica<\/a> de l\u2019AMB (2021) consideren que un dels principals impactes del canvi clim\u00e0tic a l\u2019\u00e0mbit metropolit\u00e0 \u00e9s l\u2019augment de les temperatures i especialment l\u2019augment de la freq\u00fc\u00e8ncia i la intensitat de les onades de calor. En aquest context, l\u2019AMB ha comen\u00e7at a dissenyar i implementar un seguit d\u2019accions d\u2019adaptaci\u00f3 per fer front a la calor extrema, com ara la xarxa metropolitana de refugis clim\u00e0tics, la sensibilitzaci\u00f3 sobre onades de calor, l\u2019expansi\u00f3 dels punts d\u2019aigua, o la rehabilitaci\u00f3 i renovaci\u00f3 urbana de l\u2019espai p\u00fablic i els edificis per adaptar-los a la calor.<\/p>\n\n\n\n<p>Per tal de poder fer una transici\u00f3 justa cap a ciutats i entorns urbans m\u00e9s resilients i adaptats al canvi clim\u00e0tic cal considerar especialment les zones i els col\u00b7lectius m\u00e9s vulnerables. Les onades de calor s\u00f3n m\u00e9s intenses en zones m\u00e9s urbanitzades i denses, que m\u00e9s calor antropog\u00e8nica desprenen (per exemple en forma de tr\u00e0fic i combustions) i amb menys espais oberts i verds. Aix\u00ed mateix, els impactes de la calor extrema sobre la salut de les persones depenen tamb\u00e9 d\u2019altres factors com l\u2019edat, el sexe, l\u2019estat de salut o la xarxa de cures.<\/p>\n","protected":false},"excerpt":{"rendered":"<p>En els darrers anys, gr\u00e0cies a l\u2019\u00edndex de vulnerabilitat al canvi clim\u00e0tic (IVAC), desenvolupat per l\u2019Institut Metr\u00f2poli per enc\u00e0rrec de l\u2019AMB, s\u2019ha identificat les zones de l\u2019\u00e0mbit metropolit\u00e0 amb alta vulnerabilitat a la calor i s\u2019ha estimat el nombre de persones que hi resideixen. L\u2019adequaci\u00f3 de la metr\u00f2poli a les necessitats d\u2019aquestes zones i col\u00b7lectius [&hellip;]<\/p>\n","protected":false},"author":7,"featured_media":606,"comment_status":"closed","ping_status":"open","sticky":false,"template":"","format":"standard","meta":{"_oasis_is_in_workflow":0,"_oasis_original":0,"ngg_post_thumbnail":0},"categories":[6,1,12],"tags":[20,18],"_links":{"self":[{"href":"https:\/\/blogs.amb.cat\/climaenergia\/wp-json\/wp\/v2\/posts\/607"}],"collection":[{"href":"https:\/\/blogs.amb.cat\/climaenergia\/wp-json\/wp\/v2\/posts"}],"about":[{"href":"https:\/\/blogs.amb.cat\/climaenergia\/wp-json\/wp\/v2\/types\/post"}],"author":[{"embeddable":true,"href":"https:\/\/blogs.amb.cat\/climaenergia\/wp-json\/wp\/v2\/users\/7"}],"replies":[{"embeddable":true,"href":"https:\/\/blogs.amb.cat\/climaenergia\/wp-json\/wp\/v2\/comments?post=607"}],"version-history":[{"count":3,"href":"https:\/\/blogs.amb.cat\/climaenergia\/wp-json\/wp\/v2\/posts\/607\/revisions"}],"predecessor-version":[{"id":611,"href":"https:\/\/blogs.amb.cat\/climaenergia\/wp-json\/wp\/v2\/posts\/607\/revisions\/611"}],"wp:featuredmedia":[{"embeddable":true,"href":"https:\/\/blogs.amb.cat\/climaenergia\/wp-json\/wp\/v2\/media\/606"}],"wp:attachment":[{"href":"https:\/\/blogs.amb.cat\/climaenergia\/wp-json\/wp\/v2\/media?parent=607"}],"wp:term":[{"taxonomy":"category","embeddable":true,"href":"https:\/\/blogs.amb.cat\/climaenergia\/wp-json\/wp\/v2\/categories?post=607"},{"taxonomy":"post_tag","embeddable":true,"href":"https:\/\/blogs.amb.cat\/climaenergia\/wp-json\/wp\/v2\/tags?post=607"}],"curies":[{"name":"wp","href":"https:\/\/api.w.org\/{rel}","templated":true}]}}