
 







{"id":69,"date":"2019-01-09T12:17:30","date_gmt":"2019-01-09T12:17:30","guid":{"rendered":"http:\/\/blogs.amb.cat\/climaenergia\/?p=69"},"modified":"2020-12-15T12:41:04","modified_gmt":"2020-12-15T12:41:04","slug":"ponencia-sobre-estrategies-climatiques-a-lamb","status":"publish","type":"post","link":"https:\/\/blogs.amb.cat\/climaenergia\/ca\/2019\/01\/09\/ponencia-sobre-estrategies-climatiques-a-lamb\/","title":{"rendered":"Pon\u00e8ncia sobre Estrat\u00e8gies clim\u00e0tiques a l&#8217;AMB"},"content":{"rendered":"<p>El passat 27 de setembre de 2018 l&#8217;AMB va ser convidada a participar a la III Taula Territorial organitzada per l&#8217;Ateneu Corporatiu del Baix Llobregat sobre &#8220;<strong>Canvi clim\u00e0tic i economia circular: respostes p\u00fabliques i col\u00b7lectives des de l\u2019economia cooperativa i solid\u00e0ria\u201d. <\/strong><\/p>\n<p>La t\u00e8cnica Elena Lacort va explicar les principals estrat\u00e8gies clim\u00e0tiques que es duen a terme des de l&#8217;AMB en el marc del <a href=\"http:\/\/www.amb.cat\/web\/medi-ambient\/actualitat\/publicacions\/detall\/-\/publicacio\/pla-clima-i-energia-2030\/7155151\/11818\">Pla clima i energia 2030<\/a> aprovat el 25 de setembre de 2018, pel que fa a l&#8217;\u00e0mbit de la mitigaci\u00f3 i l&#8217;adaptaci\u00f3 al canvi clim\u00e0tic. Un total de 92 actuacions per l&#8217;horitz\u00f3 2030, que vehicularan l&#8217;actuaci\u00f3 metropolitana per tal de donar compliment als objectius europeus de reducci\u00f3 d&#8217;emissions de gasos amb efecte d&#8217;hivernacle, d&#8217;increment de l&#8217;efici\u00e8ncia energ\u00e8tica i incorporaci\u00f3 d&#8217;energies renovables i d&#8217;adaptaci\u00f3 als impactes del canvi clim\u00e0tic.<\/p>\n<figure id=\"attachment_70\" aria-describedby=\"caption-attachment-70\" style=\"width: 300px\" class=\"wp-caption alignnone\"><a href=\"https:\/\/blogs.amb.cat\/climaenergia\/wp-content\/uploads\/sites\/11\/2019\/01\/Jornada-CLIMCOBAIX.jpg\"><img class=\"size-medium wp-image-70\" src=\"https:\/\/blogs.amb.cat\/climaenergia\/wp-content\/uploads\/sites\/11\/2019\/01\/Jornada-CLIMCOBAIX-300x300.jpg\" alt=\"III Taula Territorial Ateneu Corporatiu del Baix Llobregat\" width=\"300\" height=\"300\" srcset=\"https:\/\/blogs.amb.cat\/climaenergia\/wp-content\/uploads\/sites\/11\/2019\/01\/Jornada-CLIMCOBAIX-300x300.jpg 300w, https:\/\/blogs.amb.cat\/climaenergia\/wp-content\/uploads\/sites\/11\/2019\/01\/Jornada-CLIMCOBAIX-150x150.jpg 150w, https:\/\/blogs.amb.cat\/climaenergia\/wp-content\/uploads\/sites\/11\/2019\/01\/Jornada-CLIMCOBAIX-1024x1024.jpg 1024w, https:\/\/blogs.amb.cat\/climaenergia\/wp-content\/uploads\/sites\/11\/2019\/01\/Jornada-CLIMCOBAIX.jpg 1080w\" sizes=\"(max-width: 300px) 100vw, 300px\" \/><\/a><figcaption id=\"caption-attachment-70\" class=\"wp-caption-text\">III Taula Territorial Ateneu Corporatiu del Baix Llobregat<\/figcaption><\/figure>\n<p>El programa de la jornada es pot consultar aqu\u00ed: <a href=\"http:\/\/ateneucoopbll.cat\/2018\/09\/21\/programa-de-la-iii-taula-territorial\/\">http:\/\/ateneucoopbll.cat\/2018\/09\/21\/programa-de-la-iii-taula-territorial\/<\/a><\/p>\n<p>&nbsp;<\/p>\n<p>&nbsp;<\/p>\n<p>&nbsp;<\/p>\n<p>&nbsp;<\/p>\n","protected":false},"excerpt":{"rendered":"<p>El passat 27 de setembre de 2018 l&#8217;AMB va ser convidada a participar a la III Taula Territorial organitzada per l&#8217;Ateneu Corporatiu del Baix Llobregat sobre &#8220;Canvi clim\u00e0tic i economia circular: respostes p\u00fabliques i col\u00b7lectives des de l\u2019economia cooperativa i solid\u00e0ria\u201d. La t\u00e8cnica Elena Lacort va explicar les principals estrat\u00e8gies clim\u00e0tiques que es duen a [&hellip;]<\/p>\n","protected":false},"author":24,"featured_media":70,"comment_status":"closed","ping_status":"open","sticky":false,"template":"","format":"standard","meta":{"_oasis_is_in_workflow":0,"_oasis_original":0,"ngg_post_thumbnail":0},"categories":[6,12],"tags":[18],"_links":{"self":[{"href":"https:\/\/blogs.amb.cat\/climaenergia\/wp-json\/wp\/v2\/posts\/69"}],"collection":[{"href":"https:\/\/blogs.amb.cat\/climaenergia\/wp-json\/wp\/v2\/posts"}],"about":[{"href":"https:\/\/blogs.amb.cat\/climaenergia\/wp-json\/wp\/v2\/types\/post"}],"author":[{"embeddable":true,"href":"https:\/\/blogs.amb.cat\/climaenergia\/wp-json\/wp\/v2\/users\/24"}],"replies":[{"embeddable":true,"href":"https:\/\/blogs.amb.cat\/climaenergia\/wp-json\/wp\/v2\/comments?post=69"}],"version-history":[{"count":1,"href":"https:\/\/blogs.amb.cat\/climaenergia\/wp-json\/wp\/v2\/posts\/69\/revisions"}],"predecessor-version":[{"id":71,"href":"https:\/\/blogs.amb.cat\/climaenergia\/wp-json\/wp\/v2\/posts\/69\/revisions\/71"}],"wp:featuredmedia":[{"embeddable":true,"href":"https:\/\/blogs.amb.cat\/climaenergia\/wp-json\/wp\/v2\/media\/70"}],"wp:attachment":[{"href":"https:\/\/blogs.amb.cat\/climaenergia\/wp-json\/wp\/v2\/media?parent=69"}],"wp:term":[{"taxonomy":"category","embeddable":true,"href":"https:\/\/blogs.amb.cat\/climaenergia\/wp-json\/wp\/v2\/categories?post=69"},{"taxonomy":"post_tag","embeddable":true,"href":"https:\/\/blogs.amb.cat\/climaenergia\/wp-json\/wp\/v2\/tags?post=69"}],"curies":[{"name":"wp","href":"https:\/\/api.w.org\/{rel}","templated":true}]}}