
 







{"id":1736,"date":"2020-06-15T07:09:24","date_gmt":"2020-06-15T07:09:24","guid":{"rendered":"https:\/\/blogs.amb.cat\/educacioambiental\/?p=1736"},"modified":"2020-12-15T14:55:19","modified_gmt":"2020-12-15T14:55:19","slug":"nou-cataleg-de-recursos-digitals","status":"publish","type":"post","link":"https:\/\/blogs.amb.cat\/educacioambiental\/2020\/06\/15\/nou-cataleg-de-recursos-digitals\/","title":{"rendered":"Nou cat\u00e0leg de recursos digitals"},"content":{"rendered":"<p>El nou cat\u00e0leg del <strong>Compartim un Futur<\/strong> \u00e9s ja una realitat. Des de l\u2019inici del confinament, l\u2019equip educatiu del programa ha estat treballant per crear una oferta d\u2019activitats en l\u00ednia adaptades a les circumst\u00e0ncies actuals generades per la pand\u00e8mia de la COVID-19.<\/p>\n<h3><strong>El Compartim un Futur es reinventa<\/strong><\/h3>\n<p>Malgrat la cancel\u00b7laci\u00f3 total de les activitats presencials, el programa no s&#8217;ha aturat i\u00a0<strong>ha adaptat els continguts al format en l\u00ednia, que es poden fer a casa i en fam\u00edlia<\/strong>. El resultat ha sigut\u00a0el nou <strong><a href=\"https:\/\/www.amb.cat\/ca\/web\/ecologia\/actualitat\/publicacions\/detall\/-\/publicacio\/recursos-digitals-i-activitats-en-linia\/9272523\/11818\" target=\"_blank\" rel=\"noopener\">Cat\u00e0leg de recursos digitals i activitats en l\u00ednia<\/a><\/strong>.<\/p>\n<p>Des del\u00a0<strong><a href=\"http:\/\/www.amb.cat\/s\/web\/ecologia\/sostenibilitat\/educacio-ambiental.html\" target=\"_blank\" rel=\"noopener\">nou web d&#8217;educaci\u00f3 ambiental<\/a>\u00a0<\/strong>podeu accedir als recursos<strong>\u00a0<\/strong>que han nascut d&#8217;aquesta situaci\u00f3 d&#8217;excepci\u00f3, i que ja estan a punt per ser descoberts! L\u2019oferta del cat\u00e0leg s\u2019anir\u00e0 ampliant al llarg de les setmanes i mesos vinents amb l\u2019objectiu d\u2019iniciar el curs 2020-2021 amb un bon gruix d\u2019activitats complement\u00e0ries al cat\u00e0leg presencial del Compartim un Futur.<\/p>\n<p>Aquesta oferta no nom\u00e9s inclou activitats en l\u00ednia, sin\u00f3 que tamb\u00e9 recullen recursos que ja existien anteriorment i tamb\u00e9 uns quants de nous com publicacions, exercicis i jocs per fer a casa, propostes de v\u00eddeos, etc., per a tots els tipus de p\u00fablics.<\/p>\n<h3><strong>Nou enfocament dels continguts<\/strong><\/h3>\n<p>No nom\u00e9s s&#8217;ha adaptat el format, sin\u00f3 que tamb\u00e9 s&#8217;han renovat els continguts.\u00a0\u00a0Les millores que s&#8217;han introdu\u00eft estan principalment enfocades en tres l\u00ednies:<\/p>\n<ol>\n<li>Relacionar totes les activitats sobre el canvi clim\u00e0tic amb les mesures del\u00a0<strong><a href=\"http:\/\/www.amb.cat\/web\/ecologia\/actualitat\/publicacions\/detall\/-\/publicacio\/pla-clima-i-energia-2030\/7155151\/11818\" target=\"_blank\" rel=\"noopener\">Pla clima i energia 2030<\/a>.\u00a0<\/strong><\/li>\n<li>Actualitzar els guions de les noves normatives que regeixen l&#8217;AMB, com per exemple el\u00a0<strong>Programa metropolit\u00e0 de prevenci\u00f3 i gesti\u00f3 de recursos i residus municipals 2019-2025\u00a0<a class=\"noarrow\" title=\"PREMET25\" href=\"http:\/\/www.premet25.cat\/\" target=\"_blank\" rel=\"noopener\">PREMET25<\/a><\/strong>.<\/li>\n<li><strong>Enfocar totes les activitats amb perspectiva de g\u00e8nere<\/strong>, per fomentar una igualtat real entre les dones i els homes i la comunitat LGTBI.<\/li>\n<\/ol>\n<h3><strong>Assist\u00e8ncia telem\u00e0tica<\/strong><\/h3>\n<p>Per facilitar la realitzaci\u00f3 d&#8217;activitats a casa, <strong>el<\/strong>\u00a0<strong>Compartim un Futur ha posat educadors especialitzats a disposici\u00f3 de tots els usuaris<\/strong>, per atendre consultes i resoldre dubtes. Es pot contactar amb aquest servei trucant o escrivint per WhatsApp al\u00a0<strong><a class=\"noarrow icon-phone\" title=\"671 332 312\" href=\"tel:bit.ly\/AMBEducacioAmbiental\" target=\"_blank\" rel=\"noopener\">671 332 312<\/a><\/strong>, o enviant un correu a\u00a0<a class=\"noarrow icon-mail\" title=\"assessoria.compartim@amb.cat.\" href=\"mailto:assessoria.compartim@amb.cat\" target=\"_blank\" rel=\"noopener\">assessoria.compartim@amb.cat<\/a>.<\/p>\n<p>A m\u00e9s a m\u00e9s, des de les nostres xarxes socials setmanalment publiquem consells, treballs manuals, tallers, infografies, not\u00edcies, c\u00e0psules d\u2019activitats, etc. Podreu trobar continguts per fer des de casa per a totes les edats i de diferents temes! Tamb\u00e9 resoldrem els vostres dubtes amb directes al nostre compte d\u2019<a href=\"https:\/\/www.instagram.com\/compartimunfutur\/\" target=\"_blank\" rel=\"noopener\">Instagram<\/a>.<\/p>\n<p>No dubteu a seguir-nos a les xarxes socials:<\/p>\n<p>Youtube: <a href=\"https:\/\/www.youtube.com\/channel\/UC_KNUQcZug9-cEJ_zTRs1GQ\">https:\/\/www.youtube.com\/channel\/UC_KNUQcZug9-cEJ_zTRs1GQ<\/a><\/p>\n<p>Facebook: <a href=\"https:\/\/www.facebook.com\/AMBEdusost\">https:\/\/www.facebook.com\/AMBEdusost<\/a><\/p>\n<p>Twitter: <a href=\"https:\/\/twitter.com\/sostAMB\">https:\/\/twitter.com\/sostAMB<\/a><\/p>\n<p>Instagram: <a href=\"https:\/\/www.instagram.com\/compartimunfutur\/\">https:\/\/www.instagram.com\/compartimunfutur\/<\/a><\/p>\n<div><\/div>\n<div><\/div>\n<div><\/div>\n","protected":false},"excerpt":{"rendered":"<p>El nou cat\u00e0leg del Compartim un Futur \u00e9s ja una realitat. Des de l\u2019inici del confinament, l\u2019equip educatiu del programa ha estat treballant per crear una oferta d\u2019activitats en l\u00ednia adaptades a les circumst\u00e0ncies actuals generades per la pand\u00e8mia de la COVID-19. El Compartim un Futur es reinventa Malgrat la cancel\u00b7laci\u00f3 total de les activitats [&hellip;]<\/p>\n","protected":false},"author":32,"featured_media":1737,"comment_status":"closed","ping_status":"open","sticky":false,"template":"","format":"standard","meta":{"_oasis_is_in_workflow":0,"_oasis_original":0,"ngg_post_thumbnail":0},"categories":[31,35,39,1,37],"tags":[],"_links":{"self":[{"href":"https:\/\/blogs.amb.cat\/educacioambiental\/wp-json\/wp\/v2\/posts\/1736"}],"collection":[{"href":"https:\/\/blogs.amb.cat\/educacioambiental\/wp-json\/wp\/v2\/posts"}],"about":[{"href":"https:\/\/blogs.amb.cat\/educacioambiental\/wp-json\/wp\/v2\/types\/post"}],"author":[{"embeddable":true,"href":"https:\/\/blogs.amb.cat\/educacioambiental\/wp-json\/wp\/v2\/users\/32"}],"replies":[{"embeddable":true,"href":"https:\/\/blogs.amb.cat\/educacioambiental\/wp-json\/wp\/v2\/comments?post=1736"}],"version-history":[{"count":6,"href":"https:\/\/blogs.amb.cat\/educacioambiental\/wp-json\/wp\/v2\/posts\/1736\/revisions"}],"predecessor-version":[{"id":2129,"href":"https:\/\/blogs.amb.cat\/educacioambiental\/wp-json\/wp\/v2\/posts\/1736\/revisions\/2129"}],"wp:featuredmedia":[{"embeddable":true,"href":"https:\/\/blogs.amb.cat\/educacioambiental\/wp-json\/wp\/v2\/media\/1737"}],"wp:attachment":[{"href":"https:\/\/blogs.amb.cat\/educacioambiental\/wp-json\/wp\/v2\/media?parent=1736"}],"wp:term":[{"taxonomy":"category","embeddable":true,"href":"https:\/\/blogs.amb.cat\/educacioambiental\/wp-json\/wp\/v2\/categories?post=1736"},{"taxonomy":"post_tag","embeddable":true,"href":"https:\/\/blogs.amb.cat\/educacioambiental\/wp-json\/wp\/v2\/tags?post=1736"}],"curies":[{"name":"wp","href":"https:\/\/api.w.org\/{rel}","templated":true}]}}