
 







{"id":1746,"date":"2020-06-18T17:09:39","date_gmt":"2020-06-18T17:09:39","guid":{"rendered":"https:\/\/blogs.amb.cat\/educacioambiental\/?p=1746"},"modified":"2020-12-15T14:55:19","modified_gmt":"2020-12-15T14:55:19","slug":"setmana-de-lenergia-sostenible-2020","status":"publish","type":"post","link":"https:\/\/blogs.amb.cat\/educacioambiental\/2020\/06\/18\/setmana-de-lenergia-sostenible-2020\/","title":{"rendered":"Setmana de l&#8217;energia sostenible 2020"},"content":{"rendered":"<p>Del 22 al 26 de juny s&#8217;ha celebrat la <strong>Setmana Europea de l&#8217;Energia Sostenible 2020<\/strong>, una campanya que pret\u00e9n conscienciar la societat del seu paper clau en la transici\u00f3 energ\u00e8tica. Aquest any, per la crisi sanit\u00e0ria de la COVID-19, les actuacions i activitats sobre l&#8217;efici\u00e8ncia energ\u00e8tica i energies renovables s&#8217;han fet en l\u00ednia.<\/p>\n<p>Les organitzacions supramunicipals i locals de Catalunya (<a href=\"http:\/\/icaen.gencat.cat\/ca\/inici\/index.html\" target=\"_blank\" rel=\"noopener\">ICAEN<\/a>, <a href=\"https:\/\/www.diba.cat\/\" target=\"_blank\" rel=\"noopener\">Diputacions de Barcelona<\/a>, <a href=\"http:\/\/www.ddgi.cat\/web\/\" target=\"_blank\" rel=\"noopener\">Girona<\/a>, <a href=\"https:\/\/www.diputaciolleida.cat\/\" target=\"_blank\" rel=\"noopener\">Lleida<\/a>\u00a0i <a href=\"http:\/\/www.dipta.cat\/\" target=\"_blank\" rel=\"noopener\">Tarragona<\/a>, <a href=\"http:\/\/www.amb.cat\/home\" target=\"_blank\" rel=\"noopener\">AMB<\/a>, Xarxa i Clima i <a href=\"https:\/\/ajuntament.barcelona.cat\/ca\/\" target=\"_blank\" rel=\"noopener\">Ajuntament de Barcelona<\/a>) que organitzen la Setmana de l&#8217;Energia van acordar impulsar accions de tipus virtual durant el mes de juny per explicar i ajudar a impulsar l&#8217;estalvi i l&#8217;efici\u00e8ncia energ\u00e8tica en uns moments en qu\u00e8 bona part de la ciutadania ha hagut de quedar-se a casa moltes hores.<\/p>\n<p>L&#8217;AMB ja fa temps que ha posat en marxa una estrat\u00e8gia per impulsar la transici\u00f3 energ\u00e8tica, i precisament dins aquesta estrat\u00e8gia,<strong> l\u2019educaci\u00f3 ambiental i el programa Compartim un Futur<\/strong> hi tenen un <strong>paper clau<\/strong>.<\/p>\n<p>En aquest context, l&#8217;AMB s&#8217;ha sumat a la campanya amb una s\u00e8rie de <a class=\"noarrow\" title=\"recursos virtuals\" href=\"http:\/\/icaen.gencat.cat\/ca\/l_icaen\/campanyes\/setmana-de-l-energia\/recursos\/\" target=\"_blank\" rel=\"noopener\">recursos virtuals<\/a>\u00a0per promoure el canvi cap a un model energ\u00e8tic net, sostenible, descarbonitzat, distribu\u00eft i democr\u00e0tic.<\/p>\n<blockquote><p>El canvi comen\u00e7a a casa!<\/p><\/blockquote>\n<p>Les activitats que oferim des del Compartim un Futur s\u00f3n:<\/p>\n<ul>\n<li>Activitats en l\u00ednia d\u2019energia i canvi clim\u00e0tic al nostre <a href=\"http:\/\/www.amb.cat\/ca\/web\/ecologia\/actualitat\/publicacions\/detall\/-\/publicacio\/recursos-digitals-i-activitats-en-linia\/9272523\/11818\" target=\"_blank\" rel=\"noopener\">cat\u00e0leg de recursos digitals i activitats en l\u00ednia<\/a>.<\/li>\n<li><a href=\"http:\/\/www.amb.cat\/ca\/web\/ecologia\/sostenibilitat\/educacio-per-a-la-sostenibilitat\/guia-didactica\/detall\/-\/gdpmes\/llar-eficient\/1164090\/11818?p_p_id=GDPMES_WAR_GuiaDidacticaPMESportlet&amp;p_p_lifecycle=1&amp;p_p_state=normal&amp;_GDPMES_WAR_GuiaDidacticaPMESportlet_pageNum=1&amp;_GDPMES_WAR_GuiaDidacticaPMESportlet_queryText=llar+eficient&amp;_GDPMES_WAR_GuiaDidacticaPMESportlet_eix_pmes=pmes_energia_canvi_climatic&amp;_GDPMES_WAR_GuiaDidacticaPMESportlet_detailBackURL=%2Fweb%2Fecologia%2Fsostenibilitat%2Feducacio-per-a-la-sostenibilitat%2Fguia-didactica%2Fcercador\" target=\"_blank\" rel=\"noopener\"><em>Llar eficient<\/em><\/a>. Guia interactiva d&#8217;estalvi d&#8217;aigua i energia\u00a0a l&#8217;habitatge. Consells \u00fatils i f\u00e0cils per millorar l&#8217;efici\u00e8ncia en l&#8217;\u00fas de l&#8217;aigua i l&#8217;energia a casa teva, reduir la facturaci\u00f3 i contribuir a millorar el medi ambient.<\/li>\n<li><em><a href=\"http:\/\/www.amb.cat\/ca\/web\/ecologia\/sostenibilitat\/educacio-per-a-la-sostenibilitat\/guia-didactica\/detall\/-\/gdpmes\/llar-eficient\/5713236\/11818?p_p_id=GDPMES_WAR_GuiaDidacticaPMESportlet&amp;p_p_lifecycle=1&amp;p_p_state=normal&amp;_GDPMES_WAR_GuiaDidacticaPMESportlet_pageNum=1&amp;_GDPMES_WAR_GuiaDidacticaPMESportlet_queryText=llar+eficient&amp;_GDPMES_WAR_GuiaDidacticaPMESportlet_eix_pmes=pmes_energia_canvi_climatic&amp;_GDPMES_WAR_GuiaDidacticaPMESportlet_detailBackURL=%2Fweb%2Fecologia%2Fsostenibilitat%2Feducacio-per-a-la-sostenibilitat%2Fguia-didactica%2Fcercador\" target=\"_blank\" rel=\"noopener\">Llar eficient<\/a><\/em>. Opusce amb respostes r\u00e0pides a q\u00fcestions sobre efici\u00e8ncia en l\u2019\u00fas d\u2019aigua i energia<\/li>\n<li><a href=\"http:\/\/www.amb.cat\/ca\/web\/ecologia\/sostenibilitat\/educacio-per-a-la-sostenibilitat\/guia-didactica\/detall\/-\/gdpmes\/fem-un-recorregut-per-l-energia-i-l-aigua-de-casa-\/9073663\/11818?p_p_id=GDPMES_WAR_GuiaDidacticaPMESportlet&amp;p_p_lifecycle=1&amp;p_p_state=normal&amp;_GDPMES_WAR_GuiaDidacticaPMESportlet_pageNum=1&amp;_GDPMES_WAR_GuiaDidacticaPMESportlet_format=view&amp;_GDPMES_WAR_GuiaDidacticaPMESportlet_eix_pmes=pmes_energia_canvi_climatic&amp;_GDPMES_WAR_GuiaDidacticaPMESportlet_detailBackURL=%2Fca%2Fweb%2Fecologia%2Fsostenibilitat%2Feducacio-per-a-la-sostenibilitat%2Fguia-didactica%2Fcercador\" target=\"_blank\" rel=\"noopener\">Fem un recorregut per l\u2019energia i l\u2019aigua de casa!<\/a> Recurs educatiu i, alhora, l\u00fadic per reduir el consum d&#8217;aigua i energia, a trav\u00e9s d&#8217;un recorregut de descoberta per casa per detectar quin \u00fas fem d&#8217;aquests dos recursos.<\/li>\n<li>Taller \u201cConstru\u00efm un molinet de vent\u201d destinat a fam\u00edlies. Podeu consultar el <a href=\"https:\/\/www.instagram.com\/p\/B_SikbGBuf6\/?utm_source=ig_web_copy_link\" target=\"_blank\" rel=\"noopener\">v\u00eddeo<\/a> per construir-lo i descarregar-vos les <a href=\"http:\/\/www.amb.cat\/ca\/web\/ecologia\/sostenibilitat\/educacio-per-a-la-sostenibilitat\/guia-didactica\/detall\/-\/gdpmes\/plantilla-per-construir-un-molinet\/9114034\/11818?p_p_id=GDPMES_WAR_GuiaDidacticaPMESportlet&amp;p_p_lifecycle=1&amp;p_p_state=normal&amp;_GDPMES_WAR_GuiaDidacticaPMESportlet_pageNum=1&amp;_GDPMES_WAR_GuiaDidacticaPMESportlet_format=view&amp;_GDPMES_WAR_GuiaDidacticaPMESportlet_eix_pmes=pmes_energia_canvi_climatic&amp;_GDPMES_WAR_GuiaDidacticaPMESportlet_detailBackURL=%2Fweb%2Fecologia%2Fsostenibilitat%2Feducacio-per-a-la-sostenibilitat%2Fguia-didactica%2Fcercador\" target=\"_blank\" rel=\"noopener\">plantilles<\/a>.<\/li>\n<li><a href=\"http:\/\/www.amb.cat\/ca\/web\/ecologia\/sostenibilitat\/educacio-per-a-la-sostenibilitat\/guia-didactica\/detall\/-\/gdpmes\/recull-de-recursos-de-consolidacio-i-aprenentatge\/8176852\/11818?p_p_id=GDPMES_WAR_GuiaDidacticaPMESportlet&amp;p_p_lifecycle=1&amp;p_p_state=normal&amp;_GDPMES_WAR_GuiaDidacticaPMESportlet_pageNum=1&amp;_GDPMES_WAR_GuiaDidacticaPMESportlet_format=view&amp;_GDPMES_WAR_GuiaDidacticaPMESportlet_eix_pmes=pmes_energia_canvi_climatic&amp;_GDPMES_WAR_GuiaDidacticaPMESportlet_detailBackURL=%2Fca%2Fweb%2Fecologia%2Fsostenibilitat%2Feducacio-per-a-la-sostenibilitat%2Fguia-didactica%2Fcercador\" target=\"_blank\" rel=\"noopener\">Recull de recursos de consolidaci\u00f3 i aprenentatge<\/a>.<\/li>\n<li><a href=\"http:\/\/www.amb.cat\/ca\/web\/ecologia\/sostenibilitat\/educacio-per-a-la-sostenibilitat\/guia-didactica\/detall\/-\/gdpmes\/poster-energia-i-canvi-climatic\/7003899\/11818?p_p_id=GDPMES_WAR_GuiaDidacticaPMESportlet&amp;p_p_lifecycle=1&amp;p_p_state=normal&amp;_GDPMES_WAR_GuiaDidacticaPMESportlet_pageNum=2&amp;_GDPMES_WAR_GuiaDidacticaPMESportlet_format=view&amp;_GDPMES_WAR_GuiaDidacticaPMESportlet_eix_pmes=pmes_energia_canvi_climatic&amp;_GDPMES_WAR_GuiaDidacticaPMESportlet_detailBackURL=%2Fca%2Fweb%2Fecologia%2Fsostenibilitat%2Feducacio-per-a-la-sostenibilitat%2Fguia-didactica%2Fcercador\" target=\"_blank\" rel=\"noopener\">P\u00f2ster divulgatiu energia i canvi clim\u00e0tic<\/a>.<\/li>\n<li><a href=\"https:\/\/youtu.be\/ok98jOOzy6Q\" target=\"_blank\" rel=\"noopener\">V\u00eddeo divulgatiu sobre el canvi clim\u00e0tic<\/a>.<\/li>\n<\/ul>\n<p>A la campanya tamb\u00e9 s&#8217;hi han adherit molts ens locals que formen part del\u00a0<a class=\"noarrow\" title=\"Pacte d'Alcaldes i Alcaldesses pel Clima i l'Energia\" href=\"https:\/\/www.diba.cat\/es\/web\/alcaldespelclima\" target=\"_blank\" rel=\"noopener\">Pacte d&#8217;Alcaldes i Alcaldesses pel Clima i l&#8217;Energia<\/a>.<\/p>\n<p><iframe title=\"1.001 maneres d&#039;estalviar energia\" width=\"1170\" height=\"658\" src=\"https:\/\/www.youtube.com\/embed\/gTzft-JfiKI?feature=oembed\" frameborder=\"0\" allow=\"accelerometer; autoplay; clipboard-write; encrypted-media; gyroscope; picture-in-picture\" allowfullscreen><\/iframe><\/p>\n","protected":false},"excerpt":{"rendered":"<p>Del 22 al 26 de juny s&#8217;ha celebrat la Setmana Europea de l&#8217;Energia Sostenible 2020, una campanya que pret\u00e9n conscienciar la societat del seu paper clau en la transici\u00f3 energ\u00e8tica. Aquest any, per la crisi sanit\u00e0ria de la COVID-19, les actuacions i activitats sobre l&#8217;efici\u00e8ncia energ\u00e8tica i energies renovables s&#8217;han fet en l\u00ednia. Les organitzacions [&hellip;]<\/p>\n","protected":false},"author":32,"featured_media":1750,"comment_status":"closed","ping_status":"open","sticky":false,"template":"","format":"standard","meta":{"_oasis_is_in_workflow":0,"_oasis_original":0,"ngg_post_thumbnail":0},"categories":[31,35,39,1,37],"tags":[],"_links":{"self":[{"href":"https:\/\/blogs.amb.cat\/educacioambiental\/wp-json\/wp\/v2\/posts\/1746"}],"collection":[{"href":"https:\/\/blogs.amb.cat\/educacioambiental\/wp-json\/wp\/v2\/posts"}],"about":[{"href":"https:\/\/blogs.amb.cat\/educacioambiental\/wp-json\/wp\/v2\/types\/post"}],"author":[{"embeddable":true,"href":"https:\/\/blogs.amb.cat\/educacioambiental\/wp-json\/wp\/v2\/users\/32"}],"replies":[{"embeddable":true,"href":"https:\/\/blogs.amb.cat\/educacioambiental\/wp-json\/wp\/v2\/comments?post=1746"}],"version-history":[{"count":6,"href":"https:\/\/blogs.amb.cat\/educacioambiental\/wp-json\/wp\/v2\/posts\/1746\/revisions"}],"predecessor-version":[{"id":2128,"href":"https:\/\/blogs.amb.cat\/educacioambiental\/wp-json\/wp\/v2\/posts\/1746\/revisions\/2128"}],"wp:featuredmedia":[{"embeddable":true,"href":"https:\/\/blogs.amb.cat\/educacioambiental\/wp-json\/wp\/v2\/media\/1750"}],"wp:attachment":[{"href":"https:\/\/blogs.amb.cat\/educacioambiental\/wp-json\/wp\/v2\/media?parent=1746"}],"wp:term":[{"taxonomy":"category","embeddable":true,"href":"https:\/\/blogs.amb.cat\/educacioambiental\/wp-json\/wp\/v2\/categories?post=1746"},{"taxonomy":"post_tag","embeddable":true,"href":"https:\/\/blogs.amb.cat\/educacioambiental\/wp-json\/wp\/v2\/tags?post=1746"}],"curies":[{"name":"wp","href":"https:\/\/api.w.org\/{rel}","templated":true}]}}