
 







{"id":2488,"date":"2021-06-30T07:48:07","date_gmt":"2021-06-30T07:48:07","guid":{"rendered":"https:\/\/blogs.amb.cat\/educacioambiental\/?p=2488"},"modified":"2021-07-02T11:31:23","modified_gmt":"2021-07-02T11:31:23","slug":"repte-viral","status":"publish","type":"post","link":"https:\/\/blogs.amb.cat\/educacioambiental\/2021\/06\/30\/repte-viral\/","title":{"rendered":"Repte viral"},"content":{"rendered":"\n<p>Alerta! Sembla que aviat arribaran noves not\u00edcies al <a href=\"https:\/\/www.amb.cat\/web\/ecologia\/sostenibilitat\/educacio-ambiental\"><strong>Compartim un Futur<\/strong><\/a>! Per saber-ne m\u00e9s, cal que estigueu atents al canal d\u2019<a href=\"https:\/\/instagram.com\/compartimunfutur\">Instagram<\/a> del programa.<\/p>\n\n\n\n<p>Heu pensat mai en els impactes ambientals que tenen els aliments que consumim en el nostre dia a dia? Ens alimentem de manera sostenible? Quins par\u00e0metres hi intervenen? El transport, el consum d\u2019aigua i energia o la temporalitat dels aliments s\u00f3n alguns dels valors que hi tenen a veure i que es poden minimitzar amb el consum responsable d\u2019alguns productes.<\/p>\n\n\n\n<p>Amb motiu de la capitalitat de Barcelona per l\u2019alimentaci\u00f3 sostenible, des del <strong>Compartim un Futur <\/strong>s\u2019ha elaborat una <strong>calculadora aliment\u00e0ria<\/strong>, <strong>LA CALCUTECA<\/strong>, una eina que ens ajudar\u00e0 a con\u00e8ixer millor el grau de sostenibilitat que t\u00e9 tot all\u00f2 que mengem i a buscar alternatives que siguin m\u00e9s sostenibles.<\/p>\n\n\n\n<p>A m\u00e9s, podreu crear i compartir a les xarxes socials les vostres pr\u00f2pies receptes de cuina de baix impacte ambiental amb l\u2019ajuda de la nova calculadora i que aquestes receptes siguin incloses en un llibre que recollir\u00e0 les millors propostes gastron\u00f2miques i m\u00e9s sostenibles.<\/p>\n\n\n\n<p>Us animem a participar-hi i a compartir-ho per aconseguir una alimentaci\u00f3 m\u00e9s saludable!<\/p>\n","protected":false},"excerpt":{"rendered":"<p>Alerta! Sembla que aviat arribaran noves not\u00edcies al Compartim un Futur! Per saber-ne m\u00e9s, cal que estigueu atents al canal d\u2019Instagram del programa. Heu pensat mai en els impactes ambientals que tenen els aliments que consumim en el nostre dia a dia? Ens alimentem de manera sostenible? Quins par\u00e0metres hi intervenen? El transport, el consum [&hellip;]<\/p>\n","protected":false},"author":7,"featured_media":2489,"comment_status":"closed","ping_status":"open","sticky":false,"template":"","format":"standard","meta":{"_oasis_is_in_workflow":0,"_oasis_original":0,"ngg_post_thumbnail":0},"categories":[1],"tags":[],"_links":{"self":[{"href":"https:\/\/blogs.amb.cat\/educacioambiental\/wp-json\/wp\/v2\/posts\/2488"}],"collection":[{"href":"https:\/\/blogs.amb.cat\/educacioambiental\/wp-json\/wp\/v2\/posts"}],"about":[{"href":"https:\/\/blogs.amb.cat\/educacioambiental\/wp-json\/wp\/v2\/types\/post"}],"author":[{"embeddable":true,"href":"https:\/\/blogs.amb.cat\/educacioambiental\/wp-json\/wp\/v2\/users\/7"}],"replies":[{"embeddable":true,"href":"https:\/\/blogs.amb.cat\/educacioambiental\/wp-json\/wp\/v2\/comments?post=2488"}],"version-history":[{"count":2,"href":"https:\/\/blogs.amb.cat\/educacioambiental\/wp-json\/wp\/v2\/posts\/2488\/revisions"}],"predecessor-version":[{"id":2503,"href":"https:\/\/blogs.amb.cat\/educacioambiental\/wp-json\/wp\/v2\/posts\/2488\/revisions\/2503"}],"wp:featuredmedia":[{"embeddable":true,"href":"https:\/\/blogs.amb.cat\/educacioambiental\/wp-json\/wp\/v2\/media\/2489"}],"wp:attachment":[{"href":"https:\/\/blogs.amb.cat\/educacioambiental\/wp-json\/wp\/v2\/media?parent=2488"}],"wp:term":[{"taxonomy":"category","embeddable":true,"href":"https:\/\/blogs.amb.cat\/educacioambiental\/wp-json\/wp\/v2\/categories?post=2488"},{"taxonomy":"post_tag","embeddable":true,"href":"https:\/\/blogs.amb.cat\/educacioambiental\/wp-json\/wp\/v2\/tags?post=2488"}],"curies":[{"name":"wp","href":"https:\/\/api.w.org\/{rel}","templated":true}]}}