
 







{"id":2491,"date":"2021-06-30T07:54:57","date_gmt":"2021-06-30T07:54:57","guid":{"rendered":"https:\/\/blogs.amb.cat\/educacioambiental\/?p=2491"},"modified":"2021-07-02T11:30:23","modified_gmt":"2021-07-02T11:30:23","slug":"la-recepta-que-canvia-el-mon","status":"publish","type":"post","link":"https:\/\/blogs.amb.cat\/educacioambiental\/2021\/06\/30\/la-recepta-que-canvia-el-mon\/","title":{"rendered":"La recepta que canvia el m\u00f3n"},"content":{"rendered":"\n<p>Aquest 2021, Barcelona&nbsp;\u00e9s&nbsp;la Capital de l\u2019Alimentaci\u00f3 Sostenible i, per tant,&nbsp;es converteix&nbsp;en una ciutat referent a escala mundial.&nbsp;Per aquest motiu, s\u2019han organitzat diferents actes i accions&nbsp;durant l\u2019any. El&nbsp;<a href=\"https:\/\/www.amb.cat\/s\/web\/ecologia\/sostenibilitat\/educacio-ambiental.html\" target=\"_blank\" rel=\"noreferrer noopener\"><strong>Compartim un futur<\/strong><\/a>&nbsp;se suma a la celebraci\u00f3 amb diferents propostes d\u2019activitats&nbsp;educatives.&nbsp;&nbsp;<\/p>\n\n\n\n<p>Una d\u2019aquestes propostes \u00e9s&nbsp;<strong>La recepta que canvia el m\u00f3n<\/strong>. Es tracta d\u2019una activitat dirigida a la ciutadania i a les fam\u00edlies que pret\u00e9n conscienciar sobre l\u2019impacte ambiental del nostre consum alimentari&nbsp;i apropar l\u2019alimentaci\u00f3 sostenible a la ciutadania a trav\u00e9s d\u2019un concurs de cuina. Es treballa&nbsp;especialment&nbsp;<strong>l\u2019impacte&nbsp;relacionat amb els residus&nbsp;alimentaris<\/strong>,&nbsp;ja siguin embolcalls de pl\u00e0stic, paper&nbsp;o&nbsp;vidre, o&nbsp;b\u00e9 el&nbsp;problem\u00e0tic&nbsp;<strong>malbaratament alimentari<\/strong>.&nbsp;<\/p>\n\n\n\n<p>Per fer-ho, els participants es converteixen en un equip complet de restauraci\u00f3: cuiner, ajudant de cuina, t\u00e8cnic de sostenibilitat&#8230; De manera cooperativa, s\u2019hauran d\u2019afrontar al repte de crear la recepta m\u00e9s sostenible,&nbsp;per\u00f2 no ser\u00e0 tan f\u00e0cil aconseguir aquest objectiu i es trobaran alguns entrebancs\u2026&nbsp;Amb l\u2019ajuda d\u2019una <strong>calculadora digital<\/strong>, que estar\u00e0 sempre disponible, hauran de crear&nbsp;la recepta amb menys impacte ambiental!&nbsp;<\/p>\n\n\n\n<p>\u00c9s una activitat l\u00fadica que ens permetr\u00e0 parlar de conceptes com&nbsp;l\u2019<strong>ocupaci\u00f3 del s\u00f2l<\/strong>,&nbsp;la&nbsp;<strong>petjada h\u00eddrica<\/strong>&nbsp;i els&nbsp;aliments&nbsp;<strong>de temporada<\/strong>&nbsp;o&nbsp;<strong>de proximitat<\/strong>. Qu\u00e8 hem de tenir en compte quan parlem de sostenibilitat? Tot aix\u00f2, i m\u00e9s, ho anirem resolent al llarg d\u2019aquesta activitat per a fam\u00edlies, adults o joves i que es pot dur a terme en qualsevol centre de l\u2019\u00e0rea metropolitana.&nbsp;Animeu-vos-hi!&nbsp;<\/p>\n\n\n\n<p>L\u2019activitat, disponible a partir del setembre, es pot comen\u00e7ar a reservar des de l\u20191 de juliol fent una reserva pr\u00e8via a la Central de Reserves trucant al\u202f93 238 93 51\u202fo enviant un correu electr\u00f2nic a\u202f<a href=\"mailto:reserves.compartim@amb.cat\" target=\"_blank\" rel=\"noreferrer noopener\">reserves.compartim@amb.cat<\/a>. Si necessiteu m\u00e9s informaci\u00f3, podeu posar-vos en contacte amb el\u202f<a href=\"https:\/\/www.amb.cat\/web\/ecologia\/sostenibilitat\/educacio-ambiental\/assessorament\" target=\"_blank\" rel=\"noreferrer noopener\">Servei d\u2019Assessorament<\/a>\u202fdel programa Compartim un Futur.<\/p>\n","protected":false},"excerpt":{"rendered":"<p>Aquest 2021, Barcelona&nbsp;\u00e9s&nbsp;la Capital de l\u2019Alimentaci\u00f3 Sostenible i, per tant,&nbsp;es converteix&nbsp;en una ciutat referent a escala mundial.&nbsp;Per aquest motiu, s\u2019han organitzat diferents actes i accions&nbsp;durant l\u2019any. El&nbsp;Compartim un futur&nbsp;se suma a la celebraci\u00f3 amb diferents propostes d\u2019activitats&nbsp;educatives.&nbsp;&nbsp; Una d\u2019aquestes propostes \u00e9s&nbsp;La recepta que canvia el m\u00f3n. Es tracta d\u2019una activitat dirigida a la ciutadania i [&hellip;]<\/p>\n","protected":false},"author":7,"featured_media":2494,"comment_status":"closed","ping_status":"open","sticky":false,"template":"","format":"standard","meta":{"_oasis_is_in_workflow":0,"_oasis_original":0,"ngg_post_thumbnail":0},"categories":[1],"tags":[],"_links":{"self":[{"href":"https:\/\/blogs.amb.cat\/educacioambiental\/wp-json\/wp\/v2\/posts\/2491"}],"collection":[{"href":"https:\/\/blogs.amb.cat\/educacioambiental\/wp-json\/wp\/v2\/posts"}],"about":[{"href":"https:\/\/blogs.amb.cat\/educacioambiental\/wp-json\/wp\/v2\/types\/post"}],"author":[{"embeddable":true,"href":"https:\/\/blogs.amb.cat\/educacioambiental\/wp-json\/wp\/v2\/users\/7"}],"replies":[{"embeddable":true,"href":"https:\/\/blogs.amb.cat\/educacioambiental\/wp-json\/wp\/v2\/comments?post=2491"}],"version-history":[{"count":2,"href":"https:\/\/blogs.amb.cat\/educacioambiental\/wp-json\/wp\/v2\/posts\/2491\/revisions"}],"predecessor-version":[{"id":2502,"href":"https:\/\/blogs.amb.cat\/educacioambiental\/wp-json\/wp\/v2\/posts\/2491\/revisions\/2502"}],"wp:featuredmedia":[{"embeddable":true,"href":"https:\/\/blogs.amb.cat\/educacioambiental\/wp-json\/wp\/v2\/media\/2494"}],"wp:attachment":[{"href":"https:\/\/blogs.amb.cat\/educacioambiental\/wp-json\/wp\/v2\/media?parent=2491"}],"wp:term":[{"taxonomy":"category","embeddable":true,"href":"https:\/\/blogs.amb.cat\/educacioambiental\/wp-json\/wp\/v2\/categories?post=2491"},{"taxonomy":"post_tag","embeddable":true,"href":"https:\/\/blogs.amb.cat\/educacioambiental\/wp-json\/wp\/v2\/tags?post=2491"}],"curies":[{"name":"wp","href":"https:\/\/api.w.org\/{rel}","templated":true}]}}