
 







{"id":2495,"date":"2021-06-30T07:59:07","date_gmt":"2021-06-30T07:59:07","guid":{"rendered":"https:\/\/blogs.amb.cat\/educacioambiental\/?p=2495"},"modified":"2021-07-02T11:29:59","modified_gmt":"2021-07-02T11:29:59","slug":"estrenem-aps-sobre-sistema-alimentari-para-el-carro","status":"publish","type":"post","link":"https:\/\/blogs.amb.cat\/educacioambiental\/2021\/06\/30\/estrenem-aps-sobre-sistema-alimentari-para-el-carro\/","title":{"rendered":"Estrenem ApS sobre sistema alimentari: \u201cPara el carro!\u201d"},"content":{"rendered":"\n<p>El proper curs estrenem una nova proposta de projecte ApS titulat \u201cPara el carro!\u201d sobre el sistema alimentari. Es tracta d\u2019un projecte on l\u2019alumnat coneixer\u00e0 les conseq\u00fc\u00e8ncies ambientals derivades de la ind\u00fastria aliment\u00e0ria, mitjan\u00e7ant la recerca d\u2019informaci\u00f3 i un petit treball de camp enfocat a dos grans temes principals, que s\u00f3n a la vegada els m\u00e9s propers als nois i noies: el malbaratament alimentari i la generaci\u00f3 de residus (envasos i embolcalls).<\/p>\n\n\n\n<p>A partir d\u2019una diagnosi de l\u2019entorn m\u00e9s proper, podran proposar una s\u00e8rie de millores en els h\u00e0bits de consum dels ve\u00efns del seu barri.<\/p>\n\n\n\n<p>Entre el setembre i el desembre del 2021 es duran a terme un total de 15 projectes pilot en 13 centres educatius del territori metropolit\u00e0.<\/p>\n\n\n\n<p>Recordem que l\u2019aprenentatge servei (ApS) \u00e9s una metodologia que combina processos d\u2019aprenentatge i de servei a la comunitat d\u2019una manera ben articulada. Al <a href=\"https:\/\/www.amb.cat\/web\/ecologia\/sostenibilitat\/educacio-ambiental\"><strong>Compartim un Futur<\/strong><\/a> apostem per aquesta metodologia, ja que els alumnes gaudeixen d\u2019un proc\u00e9s d\u2019aprenentatge significatiu i vivencial, alhora que teixeixen xarxes entre el centre educatiu i les entitats del seu entorn, per\u00f2 sobretot generen un projecte de futur i \u00fatil per a la comunitat.<\/p>\n","protected":false},"excerpt":{"rendered":"<p>El proper curs estrenem una nova proposta de projecte ApS titulat \u201cPara el carro!\u201d sobre el sistema alimentari. Es tracta d\u2019un projecte on l\u2019alumnat coneixer\u00e0 les conseq\u00fc\u00e8ncies ambientals derivades de la ind\u00fastria aliment\u00e0ria, mitjan\u00e7ant la recerca d\u2019informaci\u00f3 i un petit treball de camp enfocat a dos grans temes principals, que s\u00f3n a la vegada els [&hellip;]<\/p>\n","protected":false},"author":7,"featured_media":2496,"comment_status":"closed","ping_status":"open","sticky":false,"template":"","format":"standard","meta":{"_oasis_is_in_workflow":0,"_oasis_original":0,"ngg_post_thumbnail":0},"categories":[1],"tags":[],"_links":{"self":[{"href":"https:\/\/blogs.amb.cat\/educacioambiental\/wp-json\/wp\/v2\/posts\/2495"}],"collection":[{"href":"https:\/\/blogs.amb.cat\/educacioambiental\/wp-json\/wp\/v2\/posts"}],"about":[{"href":"https:\/\/blogs.amb.cat\/educacioambiental\/wp-json\/wp\/v2\/types\/post"}],"author":[{"embeddable":true,"href":"https:\/\/blogs.amb.cat\/educacioambiental\/wp-json\/wp\/v2\/users\/7"}],"replies":[{"embeddable":true,"href":"https:\/\/blogs.amb.cat\/educacioambiental\/wp-json\/wp\/v2\/comments?post=2495"}],"version-history":[{"count":2,"href":"https:\/\/blogs.amb.cat\/educacioambiental\/wp-json\/wp\/v2\/posts\/2495\/revisions"}],"predecessor-version":[{"id":2501,"href":"https:\/\/blogs.amb.cat\/educacioambiental\/wp-json\/wp\/v2\/posts\/2495\/revisions\/2501"}],"wp:featuredmedia":[{"embeddable":true,"href":"https:\/\/blogs.amb.cat\/educacioambiental\/wp-json\/wp\/v2\/media\/2496"}],"wp:attachment":[{"href":"https:\/\/blogs.amb.cat\/educacioambiental\/wp-json\/wp\/v2\/media?parent=2495"}],"wp:term":[{"taxonomy":"category","embeddable":true,"href":"https:\/\/blogs.amb.cat\/educacioambiental\/wp-json\/wp\/v2\/categories?post=2495"},{"taxonomy":"post_tag","embeddable":true,"href":"https:\/\/blogs.amb.cat\/educacioambiental\/wp-json\/wp\/v2\/tags?post=2495"}],"curies":[{"name":"wp","href":"https:\/\/api.w.org\/{rel}","templated":true}]}}