
 







{"id":2510,"date":"2021-07-13T10:59:16","date_gmt":"2021-07-13T10:59:16","guid":{"rendered":"https:\/\/blogs.amb.cat\/educacioambiental\/?p=2510"},"modified":"2021-07-14T07:16:48","modified_gmt":"2021-07-14T07:16:48","slug":"continua-aprenent-a-casa-o-a-laula-amb-les-activitats-complementaries","status":"publish","type":"post","link":"https:\/\/blogs.amb.cat\/educacioambiental\/2021\/07\/13\/continua-aprenent-a-casa-o-a-laula-amb-les-activitats-complementaries\/","title":{"rendered":"Continua aprenent a casa o a l\u2019aula amb les activitats complement\u00e0ries"},"content":{"rendered":"\n<p>El Compartim un Futur \u00e9s molt m\u00e9s que un programa que ofereix activitats i visites presencials. Tamb\u00e9 inclou recursos en pr\u00e9stec, projectes amb metodologia d\u2019aprenentatge i servei, jocs interactius i multim\u00e8dia&#8230; i, a m\u00e9s a m\u00e9s, una <strong>gran varietat d\u2019activitats complement\u00e0ries (o exercicis) per poder-les fer a casa o a l\u2019aula<\/strong>.<\/p>\n\n\n\n<p>Si envies els exercicis fets a l\u2019adre\u00e7a <a href=\"mailto:educacioambiental@amb.cat\">educacioambiental@amb.cat<\/a>, els publicarem al blog i a les xarxes socials! Precisament aix\u00f2 \u00e9s el que han fet els alumnes de 1r B d\u2019ESO de l\u2019Institut el Prat de Llobregat. En aquest cas havien d\u2019escollir un residu que haguessin generat fa poc i despr\u00e9s investigar de quin material estava fet i quina proced\u00e8ncia tenia. A partir d\u2019aqu\u00ed, havien de crear una hist\u00f2ria en format de vinyeta sobre la vida d\u2019aquest material, des que se\u2019n fa l\u2019extracci\u00f3 fins que ells l\u2019adquireixen, l\u2019utilitzen i el dipositen al contenidor corresponent. Mireu quines vinyetes m\u00e9s ben fetes! Enhorabona a tota la classe!<\/p>\n\n\n\n<figure class=\"wp-block-gallery aligncenter columns-3 is-cropped\"><ul class=\"blocks-gallery-grid\"><li class=\"blocks-gallery-item\"><figure><a href=\"https:\/\/blogs.amb.cat\/educacioambiental\/wp-content\/uploads\/sites\/2\/2021\/07\/6.jpg\"><img width=\"798\" height=\"529\" src=\"https:\/\/blogs.amb.cat\/educacioambiental\/wp-content\/uploads\/sites\/2\/2021\/07\/6.jpg\" alt=\"\" data-id=\"2513\" data-link=\"https:\/\/blogs.amb.cat\/educacioambiental\/2021\/07\/13\/continua-aprenent-a-casa-o-a-laula-amb-les-activitats-complementaries\/6-2\/\" class=\"wp-image-2513\" srcset=\"https:\/\/blogs.amb.cat\/educacioambiental\/wp-content\/uploads\/sites\/2\/2021\/07\/6.jpg 798w, https:\/\/blogs.amb.cat\/educacioambiental\/wp-content\/uploads\/sites\/2\/2021\/07\/6-300x199.jpg 300w, https:\/\/blogs.amb.cat\/educacioambiental\/wp-content\/uploads\/sites\/2\/2021\/07\/6-768x509.jpg 768w\" sizes=\"(max-width: 798px) 100vw, 798px\" \/><\/a><\/figure><\/li><li class=\"blocks-gallery-item\"><figure><a href=\"https:\/\/blogs.amb.cat\/educacioambiental\/wp-content\/uploads\/sites\/2\/2021\/07\/7.png\"><img width=\"804\" height=\"526\" src=\"https:\/\/blogs.amb.cat\/educacioambiental\/wp-content\/uploads\/sites\/2\/2021\/07\/7.png\" alt=\"\" data-id=\"2514\" data-link=\"https:\/\/blogs.amb.cat\/educacioambiental\/2021\/07\/13\/continua-aprenent-a-casa-o-a-laula-amb-les-activitats-complementaries\/7-2\/\" class=\"wp-image-2514\" srcset=\"https:\/\/blogs.amb.cat\/educacioambiental\/wp-content\/uploads\/sites\/2\/2021\/07\/7.png 804w, https:\/\/blogs.amb.cat\/educacioambiental\/wp-content\/uploads\/sites\/2\/2021\/07\/7-300x196.png 300w, https:\/\/blogs.amb.cat\/educacioambiental\/wp-content\/uploads\/sites\/2\/2021\/07\/7-768x502.png 768w\" sizes=\"(max-width: 804px) 100vw, 804px\" \/><\/a><\/figure><\/li><li class=\"blocks-gallery-item\"><figure><a href=\"https:\/\/blogs.amb.cat\/educacioambiental\/wp-content\/uploads\/sites\/2\/2021\/07\/3.jpg\"><img width=\"799\" height=\"530\" src=\"https:\/\/blogs.amb.cat\/educacioambiental\/wp-content\/uploads\/sites\/2\/2021\/07\/3.jpg\" alt=\"\" data-id=\"2515\" data-full-url=\"https:\/\/blogs.amb.cat\/educacioambiental\/wp-content\/uploads\/sites\/2\/2021\/07\/3.jpg\" data-link=\"https:\/\/blogs.amb.cat\/educacioambiental\/2021\/07\/13\/continua-aprenent-a-casa-o-a-laula-amb-les-activitats-complementaries\/3-4\/\" class=\"wp-image-2515\" srcset=\"https:\/\/blogs.amb.cat\/educacioambiental\/wp-content\/uploads\/sites\/2\/2021\/07\/3.jpg 799w, https:\/\/blogs.amb.cat\/educacioambiental\/wp-content\/uploads\/sites\/2\/2021\/07\/3-300x199.jpg 300w, https:\/\/blogs.amb.cat\/educacioambiental\/wp-content\/uploads\/sites\/2\/2021\/07\/3-768x509.jpg 768w\" sizes=\"(max-width: 799px) 100vw, 799px\" \/><\/a><\/figure><\/li><li class=\"blocks-gallery-item\"><figure><a href=\"https:\/\/blogs.amb.cat\/educacioambiental\/wp-content\/uploads\/sites\/2\/2021\/07\/4.jpg\"><img width=\"802\" height=\"524\" src=\"https:\/\/blogs.amb.cat\/educacioambiental\/wp-content\/uploads\/sites\/2\/2021\/07\/4.jpg\" alt=\"\" data-id=\"2516\" data-full-url=\"https:\/\/blogs.amb.cat\/educacioambiental\/wp-content\/uploads\/sites\/2\/2021\/07\/4.jpg\" data-link=\"https:\/\/blogs.amb.cat\/educacioambiental\/2021\/07\/13\/continua-aprenent-a-casa-o-a-laula-amb-les-activitats-complementaries\/4-4\/\" class=\"wp-image-2516\" srcset=\"https:\/\/blogs.amb.cat\/educacioambiental\/wp-content\/uploads\/sites\/2\/2021\/07\/4.jpg 802w, https:\/\/blogs.amb.cat\/educacioambiental\/wp-content\/uploads\/sites\/2\/2021\/07\/4-300x196.jpg 300w, https:\/\/blogs.amb.cat\/educacioambiental\/wp-content\/uploads\/sites\/2\/2021\/07\/4-768x502.jpg 768w\" sizes=\"(max-width: 802px) 100vw, 802px\" \/><\/a><\/figure><\/li><li class=\"blocks-gallery-item\"><figure><a href=\"https:\/\/blogs.amb.cat\/educacioambiental\/wp-content\/uploads\/sites\/2\/2021\/07\/5.jpg\"><img width=\"800\" height=\"528\" src=\"https:\/\/blogs.amb.cat\/educacioambiental\/wp-content\/uploads\/sites\/2\/2021\/07\/5.jpg\" alt=\"\" data-id=\"2517\" data-full-url=\"https:\/\/blogs.amb.cat\/educacioambiental\/wp-content\/uploads\/sites\/2\/2021\/07\/5.jpg\" data-link=\"https:\/\/blogs.amb.cat\/educacioambiental\/2021\/07\/13\/continua-aprenent-a-casa-o-a-laula-amb-les-activitats-complementaries\/5-3\/\" class=\"wp-image-2517\" srcset=\"https:\/\/blogs.amb.cat\/educacioambiental\/wp-content\/uploads\/sites\/2\/2021\/07\/5.jpg 800w, https:\/\/blogs.amb.cat\/educacioambiental\/wp-content\/uploads\/sites\/2\/2021\/07\/5-300x198.jpg 300w, https:\/\/blogs.amb.cat\/educacioambiental\/wp-content\/uploads\/sites\/2\/2021\/07\/5-768x507.jpg 768w\" sizes=\"(max-width: 800px) 100vw, 800px\" \/><\/a><\/figure><\/li><\/ul><\/figure>\n\n\n\n<p>Aquest curs, per facilitar la cerca, trobar\u00e0s tota l\u2019oferta d\u2019activitats complement\u00e0ries per a cada nivell o p\u00fablic espec\u00edfic i eix tem\u00e0tic als cat\u00e0legs del curs 2021-2022, tant per a <a href=\"https:\/\/www.amb.cat\/ca\/web\/ecologia\/sostenibilitat\/educacio-ambiental\/cataleg\/detall\/-\/gdpmes\/cataleg-de-formacio-reglada\/9825226\/11818?p_p_id=GDPMES_WAR_GuiaDidacticaPMESportlet&amp;p_p_lifecycle=1&amp;p_p_state=normal&amp;_GDPMES_WAR_GuiaDidacticaPMESportlet_pageNum=1&amp;_GDPMES_WAR_GuiaDidacticaPMESportlet_queryText=cat\u00e0leg&amp;_GDPMES_WAR_GuiaDidacticaPMESportlet_detailBackURL=%2Fweb%2Fecologia%2Fsostenibilitat%2Feducacio-ambiental%2Fcataleg%2Fcercador\">formaci\u00f3 reglada<\/a> com per a <a href=\"https:\/\/www.amb.cat\/ca\/web\/ecologia\/sostenibilitat\/educacio-ambiental\/cataleg\/detall\/-\/gdpmes\/cataleg-formacio-no-reglada-i-ciutadania\/9825345\/11818?p_p_id=GDPMES_WAR_GuiaDidacticaPMESportlet&amp;p_p_lifecycle=1&amp;p_p_state=normal&amp;_GDPMES_WAR_GuiaDidacticaPMESportlet_pageNum=1&amp;_GDPMES_WAR_GuiaDidacticaPMESportlet_queryText=%22cat\u00e0leg+formaci\u00f3+no+reglada%22&amp;_GDPMES_WAR_GuiaDidacticaPMESportlet_detailBackURL=%2Fweb%2Fecologia%2Fsostenibilitat%2Feducacio-ambiental%2Fcataleg%2Fcercador\">formaci\u00f3 no reglada i ciutadania<\/a>. D\u2019aquesta manera no caldr\u00e0 que vagis buscant pel web!<\/p>\n","protected":false},"excerpt":{"rendered":"<p>El Compartim un Futur \u00e9s molt m\u00e9s que un programa que ofereix activitats i visites presencials. Tamb\u00e9 inclou recursos en pr\u00e9stec, projectes amb metodologia d\u2019aprenentatge i servei, jocs interactius i multim\u00e8dia&#8230; i, a m\u00e9s a m\u00e9s, una gran varietat d\u2019activitats complement\u00e0ries (o exercicis) per poder-les fer a casa o a l\u2019aula. Si envies els exercicis [&hellip;]<\/p>\n","protected":false},"author":7,"featured_media":2511,"comment_status":"closed","ping_status":"open","sticky":false,"template":"","format":"standard","meta":{"_oasis_is_in_workflow":0,"_oasis_original":0,"ngg_post_thumbnail":0},"categories":[1],"tags":[],"_links":{"self":[{"href":"https:\/\/blogs.amb.cat\/educacioambiental\/wp-json\/wp\/v2\/posts\/2510"}],"collection":[{"href":"https:\/\/blogs.amb.cat\/educacioambiental\/wp-json\/wp\/v2\/posts"}],"about":[{"href":"https:\/\/blogs.amb.cat\/educacioambiental\/wp-json\/wp\/v2\/types\/post"}],"author":[{"embeddable":true,"href":"https:\/\/blogs.amb.cat\/educacioambiental\/wp-json\/wp\/v2\/users\/7"}],"replies":[{"embeddable":true,"href":"https:\/\/blogs.amb.cat\/educacioambiental\/wp-json\/wp\/v2\/comments?post=2510"}],"version-history":[{"count":3,"href":"https:\/\/blogs.amb.cat\/educacioambiental\/wp-json\/wp\/v2\/posts\/2510\/revisions"}],"predecessor-version":[{"id":2520,"href":"https:\/\/blogs.amb.cat\/educacioambiental\/wp-json\/wp\/v2\/posts\/2510\/revisions\/2520"}],"wp:featuredmedia":[{"embeddable":true,"href":"https:\/\/blogs.amb.cat\/educacioambiental\/wp-json\/wp\/v2\/media\/2511"}],"wp:attachment":[{"href":"https:\/\/blogs.amb.cat\/educacioambiental\/wp-json\/wp\/v2\/media?parent=2510"}],"wp:term":[{"taxonomy":"category","embeddable":true,"href":"https:\/\/blogs.amb.cat\/educacioambiental\/wp-json\/wp\/v2\/categories?post=2510"},{"taxonomy":"post_tag","embeddable":true,"href":"https:\/\/blogs.amb.cat\/educacioambiental\/wp-json\/wp\/v2\/tags?post=2510"}],"curies":[{"name":"wp","href":"https:\/\/api.w.org\/{rel}","templated":true}]}}