
 







{"id":255,"date":"2015-07-03T14:47:52","date_gmt":"2015-07-03T14:47:52","guid":{"rendered":"http:\/\/blogs.amb.cat\/pmes\/?p=255"},"modified":"2020-12-15T14:55:26","modified_gmt":"2020-12-15T14:55:26","slug":"final-de-curs-2014-2015","status":"publish","type":"post","link":"https:\/\/blogs.amb.cat\/educacioambiental\/2015\/07\/03\/final-de-curs-2014-2015\/","title":{"rendered":"Final de curs 2014-2015"},"content":{"rendered":"<p>Des del setembre del 2014 fins al juliol del 2015, han participat un total de <strong>38.475 persones<\/strong>, tant de l\u2019\u00e0mbit d\u2019escolars com d\u2019adults, que han realitzat un total de <strong>1.814 activitats<\/strong> del PMES.<\/p>\n<p><!--more--><\/p>\n<p>Les activitats es concentren sobretot en el segon i tercer trimestre del curs. El mes de <strong>mar\u00e7<\/strong> ha estat el de m\u00e0xima participaci\u00f3, amb 5.758 participants, seguit del <strong>maig<\/strong> amb 5.604 participants.<\/p>\n<p>Durant el mes de <strong>juliol<\/strong> destaquem l\u2019alta participaci\u00f3 d\u2019entitats que organitzen activitats d\u2019estiu.<\/p>\n<p>&nbsp;<\/p>\n<p><a href=\"https:\/\/blogs.amb.cat\/pmes\/wp-content\/uploads\/sites\/2\/2015\/07\/Grafic-1.jpg\"><img class=\"  wp-image-259  aligncenter\" src=\"https:\/\/blogs.amb.cat\/pmes\/wp-content\/uploads\/sites\/2\/2015\/07\/Grafic-1.jpg\" alt=\"Grafic 1\" width=\"798\" height=\"417\" srcset=\"https:\/\/blogs.amb.cat\/educacioambiental\/wp-content\/uploads\/sites\/2\/2015\/07\/Grafic-1.jpg 921w, https:\/\/blogs.amb.cat\/educacioambiental\/wp-content\/uploads\/sites\/2\/2015\/07\/Grafic-1-300x157.jpg 300w\" sizes=\"(max-width: 798px) 100vw, 798px\" \/><\/a><\/p>\n<p>&nbsp;<\/p>\n<p>Les <strong>activitats amb m\u00e9s participants<\/strong> s\u00f3n les que estan relacionades amb l\u2019eix de <strong>Recursos i residus (13.071)<\/strong>, seguida per les activitats de l\u2019eix del <strong>Cicle de l\u2019aigua (9.973)<\/strong>. Es tracta d\u2019activitats molt consolidades en el programa metropolit\u00e0, ja que fa m\u00e9s de 20 anys que es realitzen activitats d\u2019aquestes tem\u00e0tiques. Tot i aix\u00ed, es destaca l\u2019eix de salut ambiental, amb 7.325 participants, ja que el taller a l\u2019aula de <strong>salut ambiental i prevenci\u00f3 de la contaminaci\u00f3 ac\u00fastica<\/strong> t\u00e9 una gran acollida en els centres escolars.<\/p>\n<p>&nbsp;<\/p>\n<p><a href=\"https:\/\/blogs.amb.cat\/pmes\/wp-content\/uploads\/sites\/2\/2015\/07\/Grafic-2.jpg\"><img class=\"  wp-image-256 aligncenter\" src=\"https:\/\/blogs.amb.cat\/pmes\/wp-content\/uploads\/sites\/2\/2015\/07\/Grafic-2.jpg\" alt=\"Grafic 2\" width=\"805\" height=\"451\" srcset=\"https:\/\/blogs.amb.cat\/educacioambiental\/wp-content\/uploads\/sites\/2\/2015\/07\/Grafic-2.jpg 885w, https:\/\/blogs.amb.cat\/educacioambiental\/wp-content\/uploads\/sites\/2\/2015\/07\/Grafic-2-300x168.jpg 300w\" sizes=\"(max-width: 805px) 100vw, 805px\" \/><\/a><\/p>\n<p>&nbsp;<\/p>\n<p>En refer\u00e8ncia al PMES d\u2019escolars, els <strong>centres p\u00fablics<\/strong> s\u00f3n el que han tingut una major participaci\u00f3 en el programa, representant el <strong>66,18 %<\/strong> de tots els participants.<\/p>\n<p>En relaci\u00f3 al PMES per a adults destaquem l\u2019alta participaci\u00f3 de <strong>p\u00fablic familiar<\/strong> que participen en activitats en jugatequesambientals als parcs metropolitans o esdeveniments com el Planta\u2019t al Bot\u00e0nic.<\/p>\n<p>&nbsp;<\/p>\n<p><a href=\"https:\/\/blogs.amb.cat\/pmes\/wp-content\/uploads\/sites\/2\/2015\/07\/Grafic-3.jpg\"><img class=\"  wp-image-257 aligncenter\" src=\"https:\/\/blogs.amb.cat\/pmes\/wp-content\/uploads\/sites\/2\/2015\/07\/Grafic-3.jpg\" alt=\"Grafic 3\" width=\"789\" height=\"451\" srcset=\"https:\/\/blogs.amb.cat\/educacioambiental\/wp-content\/uploads\/sites\/2\/2015\/07\/Grafic-3.jpg 873w, https:\/\/blogs.amb.cat\/educacioambiental\/wp-content\/uploads\/sites\/2\/2015\/07\/Grafic-3-300x171.jpg 300w\" sizes=\"(max-width: 789px) 100vw, 789px\" \/><\/a><\/p>\n<p>&nbsp;<\/p>\n<p>Els municipis metropolitans han participat activament en el PMES, aqu\u00ed en podeu consultar les dades:<\/p>\n<p>&nbsp;<\/p>\n<p><a href=\"https:\/\/blogs.amb.cat\/pmes\/wp-content\/uploads\/sites\/2\/2015\/07\/Grafic-4.jpg\"><img class=\" size-full wp-image-258 aligncenter\" src=\"https:\/\/blogs.amb.cat\/pmes\/wp-content\/uploads\/sites\/2\/2015\/07\/Grafic-4.jpg\" alt=\"Grafic 4\" width=\"753\" height=\"526\" srcset=\"https:\/\/blogs.amb.cat\/educacioambiental\/wp-content\/uploads\/sites\/2\/2015\/07\/Grafic-4.jpg 753w, https:\/\/blogs.amb.cat\/educacioambiental\/wp-content\/uploads\/sites\/2\/2015\/07\/Grafic-4-300x210.jpg 300w\" sizes=\"(max-width: 753px) 100vw, 753px\" \/><\/a><\/p>\n<p>&nbsp;<\/p>\n<p><strong>I seguim treballant per la sostenibilitat el proper curs!<\/strong><\/p>\n","protected":false},"excerpt":{"rendered":"<p>Fem balan\u00e7 d\u2019una temporada excepcional!<\/p>\n","protected":false},"author":20,"featured_media":707,"comment_status":"closed","ping_status":"open","sticky":false,"template":"","format":"standard","meta":{"_oasis_is_in_workflow":0,"_oasis_original":0,"ngg_post_thumbnail":0},"categories":[31,35,1],"tags":[],"_links":{"self":[{"href":"https:\/\/blogs.amb.cat\/educacioambiental\/wp-json\/wp\/v2\/posts\/255"}],"collection":[{"href":"https:\/\/blogs.amb.cat\/educacioambiental\/wp-json\/wp\/v2\/posts"}],"about":[{"href":"https:\/\/blogs.amb.cat\/educacioambiental\/wp-json\/wp\/v2\/types\/post"}],"author":[{"embeddable":true,"href":"https:\/\/blogs.amb.cat\/educacioambiental\/wp-json\/wp\/v2\/users\/20"}],"replies":[{"embeddable":true,"href":"https:\/\/blogs.amb.cat\/educacioambiental\/wp-json\/wp\/v2\/comments?post=255"}],"version-history":[{"count":6,"href":"https:\/\/blogs.amb.cat\/educacioambiental\/wp-json\/wp\/v2\/posts\/255\/revisions"}],"predecessor-version":[{"id":587,"href":"https:\/\/blogs.amb.cat\/educacioambiental\/wp-json\/wp\/v2\/posts\/255\/revisions\/587"}],"wp:featuredmedia":[{"embeddable":true,"href":"https:\/\/blogs.amb.cat\/educacioambiental\/wp-json\/wp\/v2\/media\/707"}],"wp:attachment":[{"href":"https:\/\/blogs.amb.cat\/educacioambiental\/wp-json\/wp\/v2\/media?parent=255"}],"wp:term":[{"taxonomy":"category","embeddable":true,"href":"https:\/\/blogs.amb.cat\/educacioambiental\/wp-json\/wp\/v2\/categories?post=255"},{"taxonomy":"post_tag","embeddable":true,"href":"https:\/\/blogs.amb.cat\/educacioambiental\/wp-json\/wp\/v2\/tags?post=255"}],"curies":[{"name":"wp","href":"https:\/\/api.w.org\/{rel}","templated":true}]}}