
 







{"id":269,"date":"2015-07-21T11:29:20","date_gmt":"2015-07-21T11:29:20","guid":{"rendered":"http:\/\/blogs.amb.cat\/pmes\/?p=269"},"modified":"2020-12-15T14:55:26","modified_gmt":"2020-12-15T14:55:26","slug":"pmes-2015-16-nova-temporada","status":"publish","type":"post","link":"https:\/\/blogs.amb.cat\/educacioambiental\/2015\/07\/21\/pmes-2015-16-nova-temporada\/","title":{"rendered":"PMES 2015-16, nova temporada"},"content":{"rendered":"<p>L&#8217;oferta educativa per al curs 2015-2016 cont\u00e9 <strong>m\u00e9s de 60 propostes<\/strong> de visites, rutes i tallers per incorporar en el vostre projecte escolar o de lleure, per gaudir en fam\u00edlia, per oferir a la ciutadania del vostre municipi o per complementar els cursos de formaci\u00f3 especialitzada.<\/p>\n<p><!--more--><\/p>\n<p>Un <strong>gran diversitat d\u2019activitats<\/strong> relacionades amb 6 eixos tem\u00e0tics per actuar per la sostenibilitat des del vostre entorn proper.<\/p>\n<p>Us en destaquem les <strong>novetats<\/strong>:<\/p>\n<h1><span style=\"text-decoration: underline\">Territori, ecologia i biodiversitat<\/span><\/h1>\n<p>&nbsp;<\/p>\n<p><strong>Pedals al parc<\/strong><\/p>\n<p><img class=\"  wp-image-270 alignleft\" src=\"https:\/\/blogs.amb.cat\/pmes\/wp-content\/uploads\/sites\/2\/2015\/07\/Pedals-al-Parc.jpg\" alt=\"Pedals al Parc\" width=\"136\" height=\"182\" srcset=\"https:\/\/blogs.amb.cat\/educacioambiental\/wp-content\/uploads\/sites\/2\/2015\/07\/Pedals-al-Parc.jpg 306w, https:\/\/blogs.amb.cat\/educacioambiental\/wp-content\/uploads\/sites\/2\/2015\/07\/Pedals-al-Parc-224x300.jpg 224w\" sizes=\"(max-width: 136px) 100vw, 136px\" \/><\/p>\n<p>&nbsp;<\/p>\n<p>Itinerari de mobilitat sostenible al parc de la Fontsanta de Sant Joan Desp\u00ed es descobriran els valors ecosist\u00e8mics del parc a trav\u00e9s dels principals punts d&#8217;inter\u00e8s socioambiental, per\u00f2 a ritme de bicicleta! Al Parc Ciclista del Llobregat, aprendrem a posar a punt la bicicleta i posarem a prova les nostres habilitats.<\/p>\n<p>&nbsp;<\/p>\n<p><strong>Aigua i biodiversitat al parc de Can Zam<\/strong><\/p>\n<p>Visita guiada i taller on, tot fent de petits naturalistes, coneixereu la biodiversitat del llac naturalitzat del parc de Can Zam, situat entre el riu Bes\u00f2s i la serralada de Marina i com l&#8217;aigua i la seva gesti\u00f3, afavoreixen la pres\u00e8ncia de fauna al Bes\u00f2s i al propi parc.<\/p>\n<p>&nbsp;<\/p>\n<h1><span style=\"text-decoration: underline\">Energia i canvi clim\u00e0tic<\/span><\/h1>\n<p>&nbsp;<\/p>\n<p><strong>Experimentem amb el canvi clim\u00e0tic<\/strong><\/p>\n<p>A traves de din\u00e0miques de resoluci\u00f3 de problemes i petits experiments podreu comprendre el fenomen del canvi clim\u00e0tic, les seves causes i conseq\u00fc\u00e8ncies i com podem actuar per contribuir a la reducci\u00f3 d\u2019aquest canvi.<\/p>\n<p><strong><a href=\"http:\/\/www.amb.cat\/ca\/web\/medi-ambient\/agenda\/detall\/-\/activitat\/endinsa-t-a-l-energia-i-l-aigua-a-casa-\/1239009\/11818?_ActivitatSearchListPortlet_WAR_AMBSearchPortletportlet_pageNum=1&amp;_ActivitatSearchListPortlet_WAR_AMBSearchPortletportlet_format=&amp;_Activi\" target=\"_blank\" rel=\"noopener\">Endinsa\u2019t en l\u2019aigua i l\u2019energia a casa!<\/a><\/strong><\/p>\n<p>Taller per descobrir com usem, on \u00e9s i per on s&#8217;escapa l&#8217;energia a casa. Com es reflecteix a les factures i quina petjada de carboni t\u00e9 el nostre \u00fas de l&#8217;energia. Una activitat per compartir idees pr\u00e0ctiques sobre qu\u00e8 podem fer a casa per a no perdre energia o fins i tot com en podr\u00edem generar. Usem la mateixa energia quan juguem a la consola o naveguem via WiFi a l&#8217; Internet? Descobrireu qu\u00e8 podem carregar amb plaques solars.<\/p>\n<h3><\/h3>\n<h1><span style=\"text-decoration: underline\">Recursos i residus<\/span><\/h1>\n<p>&nbsp;<\/p>\n<p><strong><a href=\"http:\/\/www.amb.cat\/ca\/web\/medi-ambient\/agenda\/detall\/-\/activitat\/recursos-en-transformacio\/1321541\/11818?_ActivitatSearchListPortlet_WAR_AMBSearchPortletportlet_pageNum=1&amp;_ActivitatSearchListPortlet_WAR_AMBSearchPortletportlet_format=&amp;_ActivitatSearchListP\" target=\"_blank\" rel=\"noopener\">Recursos en transformaci\u00f3<\/a><\/strong><\/p>\n<p>L&#8217;activitat t\u00e9 com a objectius principals aprendre que un residu \u00e9s un recurs potencial que en podem treure profit i els diferents processos que es duen a terme dins una planta de selecci\u00f3 d&#8217;envasos. Durant l&#8217;activitat s\u2019identificaran en els envasos m\u00e9s freq\u00fcents que es generen i es reflexionar\u00e0 sobre els recursos que s&#8217;han necessitat per produir aquests envasos i els seus impactes en el planeta. Un cop identificats, s\u2019experimentar\u00e0 com separar els materials atenent a diferents caracter\u00edstiques (pes, volum, caracter\u00edstiques magn\u00e8tiques, etc.).<\/p>\n<p><strong>Transformem els materials (envasos)<\/strong><\/p>\n<p>Taller participatiu amb din\u00e0miques experiencials i manipulatives per reflexionar sobre el valor dels residus entesos com un recurs, per refor\u00e7ar els coneixements que es tenen sobre els residus que es dipositen al contenidor d\u2019envasos lleugers i les 4R (repensar, reduir, reutilitzar i reciclar) i pensar en bones pr\u00e0ctiques. Finalment es reutilitzar\u00e0 un env\u00e0s per convertir-lo en un nou objecte \u00fatil i on es recolliran les bones pr\u00e0ctiques.<\/p>\n<p>&nbsp;<\/p>\n<h1><span style=\"text-decoration: underline\">Salut ambiental<\/span><\/h1>\n<p>&nbsp;<\/p>\n<p><strong>Stop soroll, fem salut!<\/strong><\/p>\n<p>L&#8217;objectiu d&#8217;<img class=\"  wp-image-272 alignleft\" src=\"https:\/\/blogs.amb.cat\/pmes\/wp-content\/uploads\/sites\/2\/2015\/07\/Stop-Soroll.jpg\" alt=\"Stop Soroll\" width=\"298\" height=\"226\" srcset=\"https:\/\/blogs.amb.cat\/educacioambiental\/wp-content\/uploads\/sites\/2\/2015\/07\/Stop-Soroll.jpg 404w, https:\/\/blogs.amb.cat\/educacioambiental\/wp-content\/uploads\/sites\/2\/2015\/07\/Stop-Soroll-300x227.jpg 300w\" sizes=\"(max-width: 298px) 100vw, 298px\" \/>aquesta activitat \u00e9s identificar els diferents tipus de contaminaci\u00f3 i quins efectes tenen sobre la salut. Es treballa\u00a0com a exemple la contaminaci\u00f3 ac\u00fastica per prendre consci\u00e8ncia de com l&#8217;exc\u00e9s de soroll t\u00e9 efectes negatius sobre la salut. S&#8217;identifiquen les fonts quotidianes de generaci\u00f3 de soroll, s&#8217;apr\u00e8n a mesurar el soroll, i es proposen accions de prevenci\u00f3 per millorar la qualitat ac\u00fastica de l&#8217;entorn.<\/p>\n<p>El PMES tamb\u00e9 ofereix altres recursos educatius (dossiers, contes, guies, v\u00eddeos, etc.) que us podeu descarregar <a href=\"http:\/\/www.amb.cat\/ca\/web\/medi-ambient\/actualitat\/publicacions\">aqu\u00ed<\/a>.<\/p>\n<p>&nbsp;<\/p>\n<p>Seleccioneu i combineu les activitats que m\u00e9s s\u2019adapten al vostre itinerari did\u00e0ctic, curs o m\u00f2dul formatiu.<\/p>\n<p>&nbsp;<\/p>\n<p><a href=\"http:\/\/www.amb.cat\/ca\/web\/medi-ambient\/actualitat\/publicacions\/detall\/-\/publicacio\/activitats-per-a-adults--families-i-gent-gran-2015-2016\/2036933\/11818\" target=\"_blank\" rel=\"noopener\">Cat\u00e0leg d&#8217;activitats per a adults, fam\u00edlies i gent gran\u00a0 del Programa Metropolit\u00e0 d&#8217;Educaci\u00f3 per a la Sostenibilitat de 2015-2016<\/a><\/p>\n<p>I per a m\u00e9s informaci\u00f3 o reserves, podeu contactar al tel\u00e8fon 93 238 93 51 o a trav\u00e9s del correu electr\u00f2nic <a href=\"mailto:reserves.pmes@amb.cat\" target=\"_blank\" rel=\"noopener\">reserves.pmes@amb.cat<\/a>.<\/p>\n<p>&nbsp;<\/p>\n<p><strong>Totes les activitats s\u00f3n gratu\u00eftes!<\/strong><\/p>\n","protected":false},"excerpt":{"rendered":"<p>Ja pots inscriure&#8217;t a les activitats del proper curs!<\/p>\n","protected":false},"author":20,"featured_media":705,"comment_status":"closed","ping_status":"open","sticky":false,"template":"","format":"standard","meta":{"_oasis_is_in_workflow":0,"_oasis_original":0,"ngg_post_thumbnail":0},"categories":[31,35,1],"tags":[86,84,61,88,126],"_links":{"self":[{"href":"https:\/\/blogs.amb.cat\/educacioambiental\/wp-json\/wp\/v2\/posts\/269"}],"collection":[{"href":"https:\/\/blogs.amb.cat\/educacioambiental\/wp-json\/wp\/v2\/posts"}],"about":[{"href":"https:\/\/blogs.amb.cat\/educacioambiental\/wp-json\/wp\/v2\/types\/post"}],"author":[{"embeddable":true,"href":"https:\/\/blogs.amb.cat\/educacioambiental\/wp-json\/wp\/v2\/users\/20"}],"replies":[{"embeddable":true,"href":"https:\/\/blogs.amb.cat\/educacioambiental\/wp-json\/wp\/v2\/comments?post=269"}],"version-history":[{"count":6,"href":"https:\/\/blogs.amb.cat\/educacioambiental\/wp-json\/wp\/v2\/posts\/269\/revisions"}],"predecessor-version":[{"id":2148,"href":"https:\/\/blogs.amb.cat\/educacioambiental\/wp-json\/wp\/v2\/posts\/269\/revisions\/2148"}],"wp:featuredmedia":[{"embeddable":true,"href":"https:\/\/blogs.amb.cat\/educacioambiental\/wp-json\/wp\/v2\/media\/705"}],"wp:attachment":[{"href":"https:\/\/blogs.amb.cat\/educacioambiental\/wp-json\/wp\/v2\/media?parent=269"}],"wp:term":[{"taxonomy":"category","embeddable":true,"href":"https:\/\/blogs.amb.cat\/educacioambiental\/wp-json\/wp\/v2\/categories?post=269"},{"taxonomy":"post_tag","embeddable":true,"href":"https:\/\/blogs.amb.cat\/educacioambiental\/wp-json\/wp\/v2\/tags?post=269"}],"curies":[{"name":"wp","href":"https:\/\/api.w.org\/{rel}","templated":true}]}}