
 







{"id":2711,"date":"2021-11-11T08:15:06","date_gmt":"2021-11-11T08:15:06","guid":{"rendered":"https:\/\/blogs.amb.cat\/educacioambiental\/?p=2711"},"modified":"2021-11-30T08:20:50","modified_gmt":"2021-11-30T08:20:50","slug":"novembre-un-mes-ple-de-jugateques","status":"urgentnotificar","type":"post","link":"https:\/\/blogs.amb.cat\/educacioambiental\/2021\/11\/11\/novembre-un-mes-ple-de-jugateques\/","title":{"rendered":"Novembre, un mes ple de Jugateques!"},"content":{"rendered":"\n<p>El mes de novembre sol ser el que t\u00e9 m\u00e9s activitat del primer trimestre del curs escolar. I \u00e9s que, a qui no li ve de gust aprofitar els matins dels caps de setmana per anar a gaudir dels parcs i espais verds metropolitans? Passejar per aquests entorns \u00fanics sempre \u00e9s meravell\u00f3s, per\u00f2 si a m\u00e9s podem aprofitar el mat\u00ed per aprendre alguna cosa sobre sostenibilitat, encara ho \u00e9s m\u00e9s!<\/p>\n\n\n\n<p>Les Jugatecambientals s\u00f3n el lloc idoni per poder gaudir de la pau i la tranquil\u00b7litat dels parcs i platges metropolitans mentre s\u2019apr\u00e8n tot jugant. Encara no les coneixes? Les Jugatecambientals s\u00f3n punts de joc lliure on hi ha diferents propostes d\u2019activitats gratu\u00eftes que giren totes entorn de la sostenibilitat. A m\u00e9s de les propostes recurrents, cada cap de setmana s\u2019hi duu a terme una activitat guiada d\u2019una tem\u00e0tica diferent. Durant el mes de novembre, els espais de joc de les Jugatecambientals s\u2019omplen de propostes variades per donar a con\u00e8ixer diferents aspectes sobre sostenibilitat com s\u00f3n la salut ambiental, la gesti\u00f3 de recursos i residus o les energies renovables.<\/p>\n\n\n\n<p>Malauradament, amb l\u2019arribada del fred l\u2019activitat ha de parar, per\u00f2 a la primavera tornaran a posar-se en marxa amb noves propostes i moltes ganes d\u2019aprendre i jugar. Us hi esperem!<\/p>\n","protected":false},"excerpt":{"rendered":"<p>El mes de novembre sol ser el que t\u00e9 m\u00e9s activitat del primer trimestre del curs escolar. I \u00e9s que, a qui no li ve de gust aprofitar els matins dels caps de setmana per anar a gaudir dels parcs i espais verds metropolitans? Passejar per aquests entorns \u00fanics sempre \u00e9s meravell\u00f3s, per\u00f2 si a [&hellip;]<\/p>\n","protected":false},"author":31,"featured_media":2712,"comment_status":"closed","ping_status":"open","sticky":false,"template":"","format":"standard","meta":{"_oasis_is_in_workflow":0,"_oasis_original":0,"ngg_post_thumbnail":0},"categories":[1],"tags":[],"_links":{"self":[{"href":"https:\/\/blogs.amb.cat\/educacioambiental\/wp-json\/wp\/v2\/posts\/2711"}],"collection":[{"href":"https:\/\/blogs.amb.cat\/educacioambiental\/wp-json\/wp\/v2\/posts"}],"about":[{"href":"https:\/\/blogs.amb.cat\/educacioambiental\/wp-json\/wp\/v2\/types\/post"}],"author":[{"embeddable":true,"href":"https:\/\/blogs.amb.cat\/educacioambiental\/wp-json\/wp\/v2\/users\/31"}],"replies":[{"embeddable":true,"href":"https:\/\/blogs.amb.cat\/educacioambiental\/wp-json\/wp\/v2\/comments?post=2711"}],"version-history":[{"count":5,"href":"https:\/\/blogs.amb.cat\/educacioambiental\/wp-json\/wp\/v2\/posts\/2711\/revisions"}],"predecessor-version":[{"id":2738,"href":"https:\/\/blogs.amb.cat\/educacioambiental\/wp-json\/wp\/v2\/posts\/2711\/revisions\/2738"}],"wp:featuredmedia":[{"embeddable":true,"href":"https:\/\/blogs.amb.cat\/educacioambiental\/wp-json\/wp\/v2\/media\/2712"}],"wp:attachment":[{"href":"https:\/\/blogs.amb.cat\/educacioambiental\/wp-json\/wp\/v2\/media?parent=2711"}],"wp:term":[{"taxonomy":"category","embeddable":true,"href":"https:\/\/blogs.amb.cat\/educacioambiental\/wp-json\/wp\/v2\/categories?post=2711"},{"taxonomy":"post_tag","embeddable":true,"href":"https:\/\/blogs.amb.cat\/educacioambiental\/wp-json\/wp\/v2\/tags?post=2711"}],"curies":[{"name":"wp","href":"https:\/\/api.w.org\/{rel}","templated":true}]}}