
 







{"id":292,"date":"2015-07-20T11:31:53","date_gmt":"2015-07-20T11:31:53","guid":{"rendered":"http:\/\/blogs.amb.cat\/pmes\/?p=292"},"modified":"2020-12-15T14:55:26","modified_gmt":"2020-12-15T14:55:26","slug":"exposicio-l-energia-i-tu","status":"publish","type":"post","link":"https:\/\/blogs.amb.cat\/educacioambiental\/2015\/07\/20\/exposicio-l-energia-i-tu\/","title":{"rendered":"L\u2019 Energia i tu"},"content":{"rendered":"<p>Moure\u2019ns, cuinar, escalfar-nos, comunicar-nos, utilitzar els nostres aparells electr\u00f2nics&#8230; la nostra activitat di\u00e0ria consumeix una gran quantitat d\u2019energia. \u00a0El nostre model de consum energ\u00e8tic, basat primordialment en l\u2019obtenci\u00f3 d\u2019energia a partir de combustibles f\u00f2ssils, te importants conseq\u00fc\u00e8ncies en el nostre planeta i \u00e9s un dels principals causants del canvi clim\u00e0tic, que t\u00e9 greus conseq\u00fc\u00e8ncies en nosaltres mateixos i en l\u2019entorn.<\/p>\n<p><!--more--><\/p>\n<p>No obstant, un \u00fas responsable de l\u2019energia \u00e9s possible, i nom\u00e9s dep\u00e8n de les nostres petites decisions. Si t\u2019interessa saber quin tipus de consumidor\/a ets a partir de la teva despesa energ\u00e8tica, l\u2019AMB et convida a participar de l\u2019exposici\u00f3 <em>L\u2019Energia i Tu, <\/em>on nom\u00e9s amb 12 preguntes podr\u00e0s esbrinar com consumeixes i descobrir consells per tal d\u2019estalviar energia i fer un \u00fas racional dels nostres recursos. Com us desplaceu de casa al centre, quins electrodom\u00e8stics utilitzeu a casa, com comprem, quin \u00fas fem de l\u2019aigua&#8230; a partir de simples q\u00fcestions, podreu fer-vos una idea del vostre consum, i reflexionar sobre els vostres h\u00e0bits diaris.<\/p>\n<p><a href=\"https:\/\/blogs.amb.cat\/pmes\/wp-content\/uploads\/sites\/2\/2016\/10\/expo.jpg\"><img class=\"  wp-image-547 aligncenter\" src=\"https:\/\/blogs.amb.cat\/pmes\/wp-content\/uploads\/sites\/2\/2016\/10\/expo.jpg\" alt=\"expo\" width=\"534\" height=\"400\" srcset=\"https:\/\/blogs.amb.cat\/educacioambiental\/wp-content\/uploads\/sites\/2\/2016\/10\/expo.jpg 1600w, https:\/\/blogs.amb.cat\/educacioambiental\/wp-content\/uploads\/sites\/2\/2016\/10\/expo-300x225.jpg 300w, https:\/\/blogs.amb.cat\/educacioambiental\/wp-content\/uploads\/sites\/2\/2016\/10\/expo-1024x768.jpg 1024w\" sizes=\"(max-width: 534px) 100vw, 534px\" \/><\/a><\/p>\n<p>Si esteu interessats en poder disposar gratu\u00eftament de l\u2019exposici\u00f3 durant dues setmanes, trobareu la seg\u00fcent direcci\u00f3 a la vostra disposici\u00f3:\u00a0 <a href=\"mailto:educacioambiental@amb.cat\" target=\"_blank\" rel=\"noopener\">educacioambiental@amb.cat<\/a><\/p>\n","protected":false},"excerpt":{"rendered":"<p>Quin tipus de consumidor\/a ets?<\/p>\n","protected":false},"author":20,"featured_media":706,"comment_status":"closed","ping_status":"open","sticky":false,"template":"","format":"standard","meta":{"_oasis_is_in_workflow":0,"_oasis_original":0,"ngg_post_thumbnail":0},"categories":[35,37],"tags":[84],"_links":{"self":[{"href":"https:\/\/blogs.amb.cat\/educacioambiental\/wp-json\/wp\/v2\/posts\/292"}],"collection":[{"href":"https:\/\/blogs.amb.cat\/educacioambiental\/wp-json\/wp\/v2\/posts"}],"about":[{"href":"https:\/\/blogs.amb.cat\/educacioambiental\/wp-json\/wp\/v2\/types\/post"}],"author":[{"embeddable":true,"href":"https:\/\/blogs.amb.cat\/educacioambiental\/wp-json\/wp\/v2\/users\/20"}],"replies":[{"embeddable":true,"href":"https:\/\/blogs.amb.cat\/educacioambiental\/wp-json\/wp\/v2\/comments?post=292"}],"version-history":[{"count":6,"href":"https:\/\/blogs.amb.cat\/educacioambiental\/wp-json\/wp\/v2\/posts\/292\/revisions"}],"predecessor-version":[{"id":2149,"href":"https:\/\/blogs.amb.cat\/educacioambiental\/wp-json\/wp\/v2\/posts\/292\/revisions\/2149"}],"wp:featuredmedia":[{"embeddable":true,"href":"https:\/\/blogs.amb.cat\/educacioambiental\/wp-json\/wp\/v2\/media\/706"}],"wp:attachment":[{"href":"https:\/\/blogs.amb.cat\/educacioambiental\/wp-json\/wp\/v2\/media?parent=292"}],"wp:term":[{"taxonomy":"category","embeddable":true,"href":"https:\/\/blogs.amb.cat\/educacioambiental\/wp-json\/wp\/v2\/categories?post=292"},{"taxonomy":"post_tag","embeddable":true,"href":"https:\/\/blogs.amb.cat\/educacioambiental\/wp-json\/wp\/v2\/tags?post=292"}],"curies":[{"name":"wp","href":"https:\/\/api.w.org\/{rel}","templated":true}]}}