
 







{"id":297,"date":"2015-07-23T11:38:13","date_gmt":"2015-07-23T11:38:13","guid":{"rendered":"http:\/\/blogs.amb.cat\/pmes\/?p=297"},"modified":"2020-12-15T14:55:26","modified_gmt":"2020-12-15T14:55:26","slug":"paquets-tematics-gent-gran-i-formacio-especialitzada-i-recerca","status":"publish","type":"post","link":"https:\/\/blogs.amb.cat\/educacioambiental\/2015\/07\/23\/paquets-tematics-gent-gran-i-formacio-especialitzada-i-recerca\/","title":{"rendered":"Paquets tem\u00e0tics!"},"content":{"rendered":"<p>Aprofita els paquets tem\u00e0tics que ofereix l\u2019AMB amb les combinacions de visites a instal\u00b7lacions i activitats en una mateixa sortida.<\/p>\n<p>Cada paquet es centra en un eix tem\u00e0tic (Energia i canvi clim\u00e0tic, salut ambiental, mobilitat sostenible,etc) i podr\u00e0s realitzar un taller i con\u00e8ixer una instal\u00b7laci\u00f3.<\/p>\n<p><!--more--><\/p>\n<p>Descarrega&#8217;t el calendari d&#8217;activitats especialitzats:<\/p>\n<p><a href=\"https:\/\/blogs.amb.cat\/pmes\/wp-content\/uploads\/sites\/2\/2015\/07\/GENT-GRAN_Activitats-calendaritzades_PMES-2015_16.pdf\" target=\"_blank\" rel=\"noopener noreferrer\">Gent Gran<\/a><\/p>\n<p><a href=\"https:\/\/blogs.amb.cat\/pmes\/wp-content\/uploads\/sites\/2\/2015\/07\/RECERCA_Activitats-calendaritzades_PMES-2015_16.pdf\" target=\"_blank\" rel=\"noopener noreferrer\">Formaci\u00f3 Especialitzada i\u00a0Recerca<\/a><\/p>\n<p>I per a m\u00e9s informaci\u00f3 o reserves, podeu contactar al tel\u00e8fon 93 238 93 51 o a trav\u00e9s del correu electr\u00f2nic <a href=\"mailto:reserves.pmes@amb.cat\" target=\"_blank\" rel=\"noopener noreferrer\">reserves.pmes@amb.cat<\/a>.<\/p>\n","protected":false},"excerpt":{"rendered":"<p> Gent gran i formaci\u00f3 especialitzada i recerca<\/p>\n","protected":false},"author":20,"featured_media":704,"comment_status":"closed","ping_status":"open","sticky":false,"template":"","format":"standard","meta":{"_oasis_is_in_workflow":0,"_oasis_original":0,"ngg_post_thumbnail":0},"categories":[31],"tags":[],"_links":{"self":[{"href":"https:\/\/blogs.amb.cat\/educacioambiental\/wp-json\/wp\/v2\/posts\/297"}],"collection":[{"href":"https:\/\/blogs.amb.cat\/educacioambiental\/wp-json\/wp\/v2\/posts"}],"about":[{"href":"https:\/\/blogs.amb.cat\/educacioambiental\/wp-json\/wp\/v2\/types\/post"}],"author":[{"embeddable":true,"href":"https:\/\/blogs.amb.cat\/educacioambiental\/wp-json\/wp\/v2\/users\/20"}],"replies":[{"embeddable":true,"href":"https:\/\/blogs.amb.cat\/educacioambiental\/wp-json\/wp\/v2\/comments?post=297"}],"version-history":[{"count":6,"href":"https:\/\/blogs.amb.cat\/educacioambiental\/wp-json\/wp\/v2\/posts\/297\/revisions"}],"predecessor-version":[{"id":2014,"href":"https:\/\/blogs.amb.cat\/educacioambiental\/wp-json\/wp\/v2\/posts\/297\/revisions\/2014"}],"wp:featuredmedia":[{"embeddable":true,"href":"https:\/\/blogs.amb.cat\/educacioambiental\/wp-json\/wp\/v2\/media\/704"}],"wp:attachment":[{"href":"https:\/\/blogs.amb.cat\/educacioambiental\/wp-json\/wp\/v2\/media?parent=297"}],"wp:term":[{"taxonomy":"category","embeddable":true,"href":"https:\/\/blogs.amb.cat\/educacioambiental\/wp-json\/wp\/v2\/categories?post=297"},{"taxonomy":"post_tag","embeddable":true,"href":"https:\/\/blogs.amb.cat\/educacioambiental\/wp-json\/wp\/v2\/tags?post=297"}],"curies":[{"name":"wp","href":"https:\/\/api.w.org\/{rel}","templated":true}]}}