
 







{"id":3321,"date":"2022-11-16T11:50:00","date_gmt":"2022-11-16T11:50:00","guid":{"rendered":"https:\/\/blogs.amb.cat\/educacioambiental\/?p=3321"},"modified":"2022-11-18T12:30:47","modified_gmt":"2022-11-18T12:30:47","slug":"jornades-de-ciencia-ciutadana-2","status":"publish","type":"post","link":"https:\/\/blogs.amb.cat\/educacioambiental\/2022\/11\/16\/jornades-de-ciencia-ciutadana-2\/","title":{"rendered":"Jornades de Ci\u00e8ncia Ciutadana"},"content":{"rendered":"\n<p>Els dies 18 i 19 d\u2019octubre s&#8217;han celebrat les primeres <a href=\"https:\/\/www.jornadescienciaciutadana.cat\/inici\"><strong>Jornades de Ci\u00e8ncia Ciutadana<\/strong><\/a>, al Casal Pere Quart de Sabadell. En aquests dos dies s\u2019ha comptat amb la pres\u00e8ncia de representants destacats de l\u2019entorn cient\u00edfic i educatiu, que han compartit projectes, oportunitats i reptes al voltant d\u2019aquesta metodologia de treball.<\/p>\n\n\n\n<p>Les jornades han estat tot un \u00e8xit, amb una alta participaci\u00f3 ciutadana i pres\u00e8ncia de diferents administracions i entitats, en un espai on s\u2019ha pogut compartir experi\u00e8ncies i coneixements de diversos projectes de ci\u00e8ncia ciutadana, generar debats i cercar eines per incrementar la participaci\u00f3 de la ciutadania en la ci\u00e8ncia mitjan\u00e7ant <strong>17 taules rodones, 10 pon\u00e8ncies magistrals i 4 tallers participatius <\/strong>en els dos dies de jornades.<\/p>\n\n\n\n<p>L\u2019\u00c0rea Metropolitana de Barcelona ha coorganitzat aquestes jornades i tamb\u00e9 hi ha participat activament donant a con\u00e8ixer la seva experi\u00e8ncia en els diferents projectes de ci\u00e8ncia ciutadana que porta a terme.<\/p>\n\n\n\n<figure class=\"wp-block-embed is-type-video is-provider-youtube wp-block-embed-youtube wp-embed-aspect-16-9 wp-has-aspect-ratio\"><div class=\"wp-block-embed__wrapper\">\n<iframe title=\"Qu\u00e8 \u00e9s la Ci\u00e8ncia Ciutadana? #JornadesCi\u00e8nciaCiutadana Sabadell 2022\" width=\"1170\" height=\"658\" src=\"https:\/\/www.youtube.com\/embed\/MQUwl7onzDQ?feature=oembed\" frameborder=\"0\" allow=\"accelerometer; autoplay; clipboard-write; encrypted-media; gyroscope; picture-in-picture\" allowfullscreen><\/iframe>\n<\/div><\/figure>\n\n\n\n<p>Aquesta nova f\u00f3rmula de ci\u00e8ncia apropa la recerca i la investigaci\u00f3 a la poblaci\u00f3, i converteix la ciutadania en part real i imprescindible de la soluci\u00f3 envers els problemes ambientals que ens envolten. Tot plegat, una sinergia perfecta que ens permet con\u00e8ixer millor el nostre territori i els reptes que tenim per davant.<\/p>\n\n\n\n<p>En definitiva, dos dies d\u2019aprenentatge continu. Podem dir que han estat les primeres jornades de ci\u00e8ncia ciutadana, per\u00f2 de ben segur que no seran les \u00faltimes!<\/p>\n\n\n\n<p>Al web <a href=\"https:\/\/www.jornadescienciaciutadana.cat\/\">https:\/\/www.jornadescienciaciutadana.cat\/<\/a>, hi trobareu les pon\u00e8ncies, aix\u00ed com un resum visual!<\/p>\n\n\n\n<figure class=\"wp-block-image size-large\"><a href=\"https:\/\/blogs.amb.cat\/educacioambiental\/wp-content\/uploads\/sites\/2\/2022\/11\/image-1.jpg\"><img width=\"886\" height=\"456\" src=\"https:\/\/blogs.amb.cat\/educacioambiental\/wp-content\/uploads\/sites\/2\/2022\/11\/image-1.jpg\" alt=\"\" class=\"wp-image-3322\" srcset=\"https:\/\/blogs.amb.cat\/educacioambiental\/wp-content\/uploads\/sites\/2\/2022\/11\/image-1.jpg 886w, https:\/\/blogs.amb.cat\/educacioambiental\/wp-content\/uploads\/sites\/2\/2022\/11\/image-1-300x154.jpg 300w, https:\/\/blogs.amb.cat\/educacioambiental\/wp-content\/uploads\/sites\/2\/2022\/11\/image-1-768x395.jpg 768w\" sizes=\"(max-width: 886px) 100vw, 886px\" \/><\/a><\/figure>\n","protected":false},"excerpt":{"rendered":"<p>Els dies 18 i 19 d\u2019octubre s&#8217;han celebrat les primeres Jornades de Ci\u00e8ncia Ciutadana, al Casal Pere Quart de Sabadell. En aquests dos dies s\u2019ha comptat amb la pres\u00e8ncia de representants destacats de l\u2019entorn cient\u00edfic i educatiu, que han compartit projectes, oportunitats i reptes al voltant d\u2019aquesta metodologia de treball. Les jornades han estat tot [&hellip;]<\/p>\n","protected":false},"author":31,"featured_media":3323,"comment_status":"closed","ping_status":"open","sticky":false,"template":"","format":"standard","meta":{"_oasis_is_in_workflow":0,"_oasis_original":0,"ngg_post_thumbnail":0},"categories":[1],"tags":[],"_links":{"self":[{"href":"https:\/\/blogs.amb.cat\/educacioambiental\/wp-json\/wp\/v2\/posts\/3321"}],"collection":[{"href":"https:\/\/blogs.amb.cat\/educacioambiental\/wp-json\/wp\/v2\/posts"}],"about":[{"href":"https:\/\/blogs.amb.cat\/educacioambiental\/wp-json\/wp\/v2\/types\/post"}],"author":[{"embeddable":true,"href":"https:\/\/blogs.amb.cat\/educacioambiental\/wp-json\/wp\/v2\/users\/31"}],"replies":[{"embeddable":true,"href":"https:\/\/blogs.amb.cat\/educacioambiental\/wp-json\/wp\/v2\/comments?post=3321"}],"version-history":[{"count":3,"href":"https:\/\/blogs.amb.cat\/educacioambiental\/wp-json\/wp\/v2\/posts\/3321\/revisions"}],"predecessor-version":[{"id":3345,"href":"https:\/\/blogs.amb.cat\/educacioambiental\/wp-json\/wp\/v2\/posts\/3321\/revisions\/3345"}],"wp:featuredmedia":[{"embeddable":true,"href":"https:\/\/blogs.amb.cat\/educacioambiental\/wp-json\/wp\/v2\/media\/3323"}],"wp:attachment":[{"href":"https:\/\/blogs.amb.cat\/educacioambiental\/wp-json\/wp\/v2\/media?parent=3321"}],"wp:term":[{"taxonomy":"category","embeddable":true,"href":"https:\/\/blogs.amb.cat\/educacioambiental\/wp-json\/wp\/v2\/categories?post=3321"},{"taxonomy":"post_tag","embeddable":true,"href":"https:\/\/blogs.amb.cat\/educacioambiental\/wp-json\/wp\/v2\/tags?post=3321"}],"curies":[{"name":"wp","href":"https:\/\/api.w.org\/{rel}","templated":true}]}}