
 







{"id":3325,"date":"2022-11-16T11:52:00","date_gmt":"2022-11-16T11:52:00","guid":{"rendered":"https:\/\/blogs.amb.cat\/educacioambiental\/?p=3325"},"modified":"2022-11-18T12:53:01","modified_gmt":"2022-11-18T12:53:01","slug":"seguim-amb-els-cursos-de-comunitats-energetiques-locals-cel","status":"publish","type":"post","link":"https:\/\/blogs.amb.cat\/educacioambiental\/2022\/11\/16\/seguim-amb-els-cursos-de-comunitats-energetiques-locals-cel\/","title":{"rendered":"Seguim fent cursos sobre comunitats energ\u00e8tiques locals (CEL)"},"content":{"rendered":"\n<p>Despr\u00e9s de la bona rebuda del curs pilot que es va oferir a la primavera, el passat <strong>10 d\u2019octubre<\/strong> es va donar el tret de sortida a la segona edici\u00f3 del curs de formaci\u00f3 en l\u00ednia sobre comunitats energ\u00e8tiques locals (CEL), impulsat per <strong>l\u2019\u00c0rea Metropolitana de Barcelona<\/strong> dins del projecte <a href=\"https:\/\/blogs.amb.cat\/educacioambiental\/2021\/12\/21\/coneixes-el-projecte-up-stairs\/\">Up-Stairs<\/a>, amb la participaci\u00f3 de m\u00e9s de 50 t\u00e8cnics i t\u00e8cniques del territori metropolit\u00e0.<\/p>\n\n\n\n<p>Aquest curs t\u00e9 l\u2019objectiu de donar coneixements i eines al personal t\u00e8cnic dels ajuntaments metropolitans perqu\u00e8 despr\u00e9s pugui assessorar la ciutadania i les entitats interessades, i fomentar aix\u00ed les comunitats energ\u00e8tiques locals.<\/p>\n\n\n\n<p>El curs s&#8217;ha distribu\u00eft en 5 m\u00f2duls que, de manera interactiva i mitjan\u00e7ant una plataforma d\u2019ensenyament en l\u00ednia, han repassat conceptes molt diversos de car\u00e0cter energ\u00e8tic, legislatiu o de finan\u00e7ament relacionats amb les CEL. A m\u00e9s, el curs ha acabat amb una visita a una CEL per veure de primera m\u00e0 els avantatges i el funcionament de l\u2019autoconsum energ\u00e8tic compartit.<\/p>\n\n\n\n<p>La implantaci\u00f3 de CEL resulta essencial per tal de ser menys dependents dels preus vol\u00e0tils de l\u2019energia i de les grans companyies distribu\u00efdores d\u2019energia. A m\u00e9s, en fer servir energies netes i renovables, es redueix l\u2019emissi\u00f3 de gasos amb efecte d\u2019hivernacle i es contribueix a la lluita contra el canvi clim\u00e0tic.<\/p>\n\n\n\n<p>De cara al futur, el curs tindr\u00e0 noves convocat\u00f2ries amb la idea d\u2019ampliar el perfil de participants i apropar l\u2019autoconsum a tot arreu!<\/p>\n","protected":false},"excerpt":{"rendered":"<p>Despr\u00e9s de la bona rebuda del curs pilot que es va oferir a la primavera, el passat 10 d\u2019octubre es va donar el tret de sortida a la segona edici\u00f3 del curs de formaci\u00f3 en l\u00ednia sobre comunitats energ\u00e8tiques locals (CEL), impulsat per l\u2019\u00c0rea Metropolitana de Barcelona dins del projecte Up-Stairs, amb la participaci\u00f3 de [&hellip;]<\/p>\n","protected":false},"author":31,"featured_media":3326,"comment_status":"closed","ping_status":"open","sticky":false,"template":"","format":"standard","meta":{"_oasis_is_in_workflow":0,"_oasis_original":0,"ngg_post_thumbnail":0},"categories":[1],"tags":[],"_links":{"self":[{"href":"https:\/\/blogs.amb.cat\/educacioambiental\/wp-json\/wp\/v2\/posts\/3325"}],"collection":[{"href":"https:\/\/blogs.amb.cat\/educacioambiental\/wp-json\/wp\/v2\/posts"}],"about":[{"href":"https:\/\/blogs.amb.cat\/educacioambiental\/wp-json\/wp\/v2\/types\/post"}],"author":[{"embeddable":true,"href":"https:\/\/blogs.amb.cat\/educacioambiental\/wp-json\/wp\/v2\/users\/31"}],"replies":[{"embeddable":true,"href":"https:\/\/blogs.amb.cat\/educacioambiental\/wp-json\/wp\/v2\/comments?post=3325"}],"version-history":[{"count":3,"href":"https:\/\/blogs.amb.cat\/educacioambiental\/wp-json\/wp\/v2\/posts\/3325\/revisions"}],"predecessor-version":[{"id":3348,"href":"https:\/\/blogs.amb.cat\/educacioambiental\/wp-json\/wp\/v2\/posts\/3325\/revisions\/3348"}],"wp:featuredmedia":[{"embeddable":true,"href":"https:\/\/blogs.amb.cat\/educacioambiental\/wp-json\/wp\/v2\/media\/3326"}],"wp:attachment":[{"href":"https:\/\/blogs.amb.cat\/educacioambiental\/wp-json\/wp\/v2\/media?parent=3325"}],"wp:term":[{"taxonomy":"category","embeddable":true,"href":"https:\/\/blogs.amb.cat\/educacioambiental\/wp-json\/wp\/v2\/categories?post=3325"},{"taxonomy":"post_tag","embeddable":true,"href":"https:\/\/blogs.amb.cat\/educacioambiental\/wp-json\/wp\/v2\/tags?post=3325"}],"curies":[{"name":"wp","href":"https:\/\/api.w.org\/{rel}","templated":true}]}}