
 







{"id":3580,"date":"2023-06-12T11:21:00","date_gmt":"2023-06-12T11:21:00","guid":{"rendered":"https:\/\/blogs.amb.cat\/educacioambiental\/?p=3580"},"modified":"2023-06-14T07:47:45","modified_gmt":"2023-06-14T07:47:45","slug":"el-liti-un-element-essencial-per-a-la-transicio-energetica","status":"publish","type":"post","link":"https:\/\/blogs.amb.cat\/educacioambiental\/2023\/06\/12\/el-liti-un-element-essencial-per-a-la-transicio-energetica\/","title":{"rendered":"El liti: un element essencial per a la transici\u00f3 energ\u00e8tica"},"content":{"rendered":"\n<h2><strong>Aquest element s\u2019utilitza per a la producci\u00f3 de bateries, que cada vegada tenen m\u00e9s demanda<\/strong><\/h2>\n\n\n\n<h4>Qu\u00e8 \u00e9s?<\/h4>\n\n\n\n<p>El liti \u00e9s el tercer element de la taula peri\u00f2dica i el primer del grup de metalls alcalins descobert el 1817 pel qu\u00edmic suec Johan August Ar-fwedson. A la naturalesa nom\u00e9s es troba combinat amb altres elements en la seva forma mineral a causa de l\u2019alt car\u00e0cter reactiu que t\u00e9. S\u2019extreu de mines de roca i evaporaci\u00f3 de salmorra (aigua i sals) i els productors principals s\u00f3n Austr\u00e0lia, Xile i la Xina. Per extreure\u2019l calen altes quantitats d\u2019energia i aigua.<\/p>\n\n\n\n<figure class=\"wp-block-image size-large\"><a href=\"https:\/\/blogs.amb.cat\/educacioambiental\/wp-content\/uploads\/sites\/2\/2023\/06\/image.png\"><img width=\"316\" height=\"210\" src=\"https:\/\/blogs.amb.cat\/educacioambiental\/wp-content\/uploads\/sites\/2\/2023\/06\/image.png\" alt=\"\" class=\"wp-image-3583\" srcset=\"https:\/\/blogs.amb.cat\/educacioambiental\/wp-content\/uploads\/sites\/2\/2023\/06\/image.png 316w, https:\/\/blogs.amb.cat\/educacioambiental\/wp-content\/uploads\/sites\/2\/2023\/06\/image-300x199.png 300w\" sizes=\"(max-width: 316px) 100vw, 316px\" \/><\/a><\/figure>\n\n\n\n<h4>Per qu\u00e8 \u00e9s especial?<\/h4>\n\n\n\n<p>El liti t\u00e9 una gran capacitat per emmagatzemar energia. \u00c9s a dir, una quantitat relativament petita \u00e9s capa\u00e7 d\u2019acumular altes densitats de c\u00e0rrega energ\u00e8tica. Aix\u00ed doncs, aprofitant aquesta caracter\u00edstica, a principis dels anys noranta es va crear la primera bateria recarregable d\u2019ions de liti. Des d\u2019aleshores s\u2019ha expandit molt r\u00e0pidament en la ind\u00fastria i est\u00e0 present en el 95&nbsp;% de les bateries de dispositius electr\u00f2nics de tota mena, de manera que s\u2019ha convertit en un mineral molt preuat arreu del m\u00f3n.<\/p>\n\n\n\n<figure class=\"wp-block-image size-large\"><a href=\"https:\/\/blogs.amb.cat\/educacioambiental\/wp-content\/uploads\/sites\/2\/2023\/06\/image-1.png\"><img width=\"284\" height=\"189\" src=\"https:\/\/blogs.amb.cat\/educacioambiental\/wp-content\/uploads\/sites\/2\/2023\/06\/image-1.png\" alt=\"\" class=\"wp-image-3584\" \/><\/a><\/figure>\n\n\n\n<h4>Com gestionar la demanda?<\/h4>\n\n\n\n<p>La demanda de liti ha augmentat exponencialment en els \u00faltims anys \u2014i es preveu que continu\u00ef incrementant\u2014 en el sector de l\u2019automoci\u00f3 per a la fabricaci\u00f3 de bateries per als cotxes el\u00e8ctrics. Per fer front a aquesta necessitat de manera sostenible faran falta diferents estrat\u00e8gies: per una banda, disminuir l\u2019impacte als h\u00e0bitats d\u2019on obtenim el liti, cosa que els pa\u00efsos exportadors podran fer quan s\u2019aconsegueixin els aven\u00e7os suficients en recerca; per l\u2019altra, s\u2019hauria d\u2019avan\u00e7ar en la recollida i el reciclatge de les bateries de liti per disminuir la quantitat que extraiem d\u2019aquest metall, i aix\u00f2 s\u00ed que ho podem fer aqu\u00ed!<\/p>\n\n\n\n<h4>On dipositar les bateries de liti?<\/h4>\n\n\n\n<p>Aquest tipus de residu s\u2019hauria de gestionar en els punts seg\u00fcents:<\/p>\n\n\n\n<ul><li>Punts de distribuci\u00f3 o de reparaci\u00f3 d\u2019aparells el\u00e8ctrics<\/li><li>Punts de postvenda i de reparaci\u00f3 d\u2019aparells el\u00e8ctrics<\/li><li>Punts especialitzats en la venda de bateries i empaquetadores de bateries<\/li><li>Punts de venda i reparaci\u00f3 d\u2019eines el\u00e8ctriques<\/li><\/ul>\n\n\n\n<p>Les bateries de cotxe han de ser extretes per t\u00e8cnics qualificats i, per tant, no haurien d\u2019arribar a les deixalleries. &nbsp;Quan les dipositem en aquests espais, un gestor autoritzat les recull per donar-los una nova vida \u00fatil. D\u2019aquesta manera, no n\u2019extraiem m\u00e9s del que necessitem i no malgastem tanta energia i recursos naturals.<\/p>\n\n\n\n<h4>Qu\u00e8 passa si una bateria d\u2019una bicicleta o un patinet el\u00e8ctric arriba a una deixalleria?<\/h4>\n\n\n\n<p>Si aquest residu arriba a la deixalleria s\u2019ha d\u2019emmagatzemar d\u2019una manera molt concreta: a l\u2019interior de les instal\u00b7lacions, en una zona vigilada, fresca i sense exposici\u00f3 a variacions de temperatura i lluny de fonts de calor o materials inflamables, ja que el liti t\u00e9 un car\u00e0cter altament reactiu. Per evitar curtcircuits s\u2019han de cobrir els contactes i circuits el\u00e8ctrics amb cinta adhesiva i embalar la bateria en pl\u00e0stic o film el\u00e0stic.<\/p>\n\n\n\n<p>Per tant, cal gestionar b\u00e9 les bateries de liti de les bicicletes o els patinets el\u00e8ctrics per minimitzar l\u2019impacte ambiental no nom\u00e9s de l\u2019extracci\u00f3 d\u2019aquest element, sin\u00f3 tamb\u00e9 un cop es converteix en residu.<\/p>\n","protected":false},"excerpt":{"rendered":"<p>Aquest element s\u2019utilitza per a la producci\u00f3 de bateries, que cada vegada tenen m\u00e9s demanda Qu\u00e8 \u00e9s? El liti \u00e9s el tercer element de la taula peri\u00f2dica i el primer del grup de metalls alcalins descobert el 1817 pel qu\u00edmic suec Johan August Ar-fwedson. A la naturalesa nom\u00e9s es troba combinat amb altres elements en [&hellip;]<\/p>\n","protected":false},"author":31,"featured_media":3585,"comment_status":"closed","ping_status":"open","sticky":false,"template":"","format":"standard","meta":{"_oasis_is_in_workflow":0,"_oasis_original":0,"ngg_post_thumbnail":0},"categories":[1],"tags":[],"_links":{"self":[{"href":"https:\/\/blogs.amb.cat\/educacioambiental\/wp-json\/wp\/v2\/posts\/3580"}],"collection":[{"href":"https:\/\/blogs.amb.cat\/educacioambiental\/wp-json\/wp\/v2\/posts"}],"about":[{"href":"https:\/\/blogs.amb.cat\/educacioambiental\/wp-json\/wp\/v2\/types\/post"}],"author":[{"embeddable":true,"href":"https:\/\/blogs.amb.cat\/educacioambiental\/wp-json\/wp\/v2\/users\/31"}],"replies":[{"embeddable":true,"href":"https:\/\/blogs.amb.cat\/educacioambiental\/wp-json\/wp\/v2\/comments?post=3580"}],"version-history":[{"count":3,"href":"https:\/\/blogs.amb.cat\/educacioambiental\/wp-json\/wp\/v2\/posts\/3580\/revisions"}],"predecessor-version":[{"id":3615,"href":"https:\/\/blogs.amb.cat\/educacioambiental\/wp-json\/wp\/v2\/posts\/3580\/revisions\/3615"}],"wp:featuredmedia":[{"embeddable":true,"href":"https:\/\/blogs.amb.cat\/educacioambiental\/wp-json\/wp\/v2\/media\/3585"}],"wp:attachment":[{"href":"https:\/\/blogs.amb.cat\/educacioambiental\/wp-json\/wp\/v2\/media?parent=3580"}],"wp:term":[{"taxonomy":"category","embeddable":true,"href":"https:\/\/blogs.amb.cat\/educacioambiental\/wp-json\/wp\/v2\/categories?post=3580"},{"taxonomy":"post_tag","embeddable":true,"href":"https:\/\/blogs.amb.cat\/educacioambiental\/wp-json\/wp\/v2\/tags?post=3580"}],"curies":[{"name":"wp","href":"https:\/\/api.w.org\/{rel}","templated":true}]}}