
 







{"id":3593,"date":"2023-06-12T11:30:00","date_gmt":"2023-06-12T11:30:00","guid":{"rendered":"https:\/\/blogs.amb.cat\/educacioambiental\/?p=3593"},"modified":"2023-06-14T07:47:57","modified_gmt":"2023-06-14T07:47:57","slug":"refugis-climatics-uns-espais-indispensables-per-adaptar-nos-al-canvi-climatic","status":"publish","type":"post","link":"https:\/\/blogs.amb.cat\/educacioambiental\/2023\/06\/12\/refugis-climatics-uns-espais-indispensables-per-adaptar-nos-al-canvi-climatic\/","title":{"rendered":"Refugis clim\u00e0tics: uns espais indispensables per adaptar-nos al canvi clim\u00e0tic"},"content":{"rendered":"\n<h3><strong>El territori metropolit\u00e0 disposa de 74 espais interiors i exteriors per refugiar-se de la calor extrema de l\u2019estiu<\/strong><\/h3>\n\n\n\n<p>Saps qu\u00e8 \u00e9s un refugi clim\u00e0tic? T\u2019agradaria saber quins hi ha al teu municipi?<\/p>\n\n\n\n<p>El canvi clim\u00e0tic ja \u00e9s una realitat i, encara que ja podem comen\u00e7ar a observar-ne els primers s\u00edmptomes com onades calor o sequeres m\u00e9s recurrents i intenses, durant les d\u00e8cades vinents el problema es continuar\u00e0 estenent i agreujant si no posem fil a l\u2019agulla.<\/p>\n\n\n\n<p>El canvi clim\u00e0tic \u00e9s una realitat, i un dels principals efectes \u00e9s l\u2019augment de les temperatures, que suposa un problema de salut important per a la poblaci\u00f3, especialment la m\u00e9s vulnerable.<\/p>\n\n\n\n<p>Per revertir aquests efectes negatius l\u2019AMB va posar en marxa fa dos anys la xarxa metropolitana de refugis clim\u00e0tics (XMRC) per proporcionar a la ciutadania un conjunt d\u2019espais (interiors o exteriors) de confort t\u00e8rmic on els grups m\u00e9s vulnerables com la gent gran i els infants poden anar per evitar els riscos que comporta la calor excessiva.<\/p>\n\n\n\n<p>Des del Compartim un Futur duem a terme un seguit de xerrades per explicar als assistents qu\u00e8 s\u00f3n aquests espais, per a qu\u00e8 serveixen i quin \u00fas en poden fer. Aquestes xerrades es duen a terme de manera coordinada amb el Servei de Teleassist\u00e8ncia de la Diputaci\u00f3 de Barcelona, principalment als casals de gent gran i a les biblioteques.<\/p>\n\n\n\n<p>En tota l\u2019\u00e0rea metropolitana (excepte Barcelona, que t\u00e9 la seva pr\u00f2pia <a href=\"https:\/\/www.barcelona.cat\/barcelona-pel-clima\/ca\/barcelona-respon\/accions-concretes\/xarxa-de-refugis-climatics\">xarxa de refugis clim\u00e0tics<\/a>) consten 74 refugis clim\u00e0tics: 15 biblioteques, 4 complexos esportius, 25 equipaments de proximitat, 1 ajuntament i 29 parcs refugi. S\u00f3n espais que estan pensats perqu\u00e8 hi pugueu trobar confort t\u00e8rmic, espai per descansar, punts d\u2019aigua, accessibilitat, seguretat i flora i fauna. Els podreu recon\u00e8ixer gr\u00e0cies a la senyalitzaci\u00f3 corresponent que indica que l\u2019espai forma part de la xarxa metropolitana de refugis clim\u00e0tics. Per\u00f2, quins s\u00f3n els requisits perqu\u00e8 un espai (interior o exterior) sigui considerat refugi clim\u00e0tic?<\/p>\n\n\n\n<p>En espais interiors:<\/p>\n\n\n\n<ul><li>Mantenir la temperatura de consigna a 27 \u00baC<\/li><li>Ser accessible per a gent amb mobilitat redu\u00efda<\/li><li>Ser espais segurs<\/li><li>Disposar de seients i aigua potable<\/li><li>Estar oberts durant l\u2019estiu (de 15 de juny al 15 de setembre)<\/li><li>Formar el personal de l\u2019equipament<\/li><li>Disposar d\u2019un cartell en un lloc visible<\/li><\/ul>\n\n\n\n<p>En refugis exteriors:<\/p>\n\n\n\n<ul><li>Ser accessible per a gent amb mobilitat redu\u00efda<\/li><li>Ser espais segurs<\/li><li>Disposar de bancs i aigua potable<\/li><li>Estar oberts durant l\u2019estiu (del 15 de juny al 15 de setembre)<\/li><li>Disposar d\u2019un cartell en un lloc visible<\/li><\/ul>\n\n\n\n<p>A m\u00e9s del confort t\u00e8rmic que busca oferir el projecte de refugis clim\u00e0tics, els ciutadans que en facin \u00fas tamb\u00e9 es podran beneficiar d\u2019altres avantatges com trobar-se amb els seus ve\u00efns i ve\u00efnes, fer xarxa social, llegir llibres o jugar a jocs de taula, activitats que segur que ajudaran mentalment a sobrepassar les hores m\u00e9s dures de calor.<\/p>\n\n\n\n<p>S\u00f3n molts els beneficis que ens aporten els refugis clim\u00e0tics. Si vols saber quins d\u2019aquests espais tens m\u00e9s a prop pots consultar-ho en <a href=\"https:\/\/www.amb.cat\/ca\/web\/ecologia\/sostenibilitat\/canvi-climatic\/refugi-climatic\">aquesta p\u00e0gina web<\/a>.<\/p>\n\n\n\n<figure class=\"wp-block-image size-large\"><a href=\"https:\/\/blogs.amb.cat\/educacioambiental\/wp-content\/uploads\/sites\/2\/2023\/06\/image-2.png\"><img width=\"226\" height=\"464\" src=\"https:\/\/blogs.amb.cat\/educacioambiental\/wp-content\/uploads\/sites\/2\/2023\/06\/image-2.png\" alt=\"\" class=\"wp-image-3594\" srcset=\"https:\/\/blogs.amb.cat\/educacioambiental\/wp-content\/uploads\/sites\/2\/2023\/06\/image-2.png 226w, https:\/\/blogs.amb.cat\/educacioambiental\/wp-content\/uploads\/sites\/2\/2023\/06\/image-2-146x300.png 146w\" sizes=\"(max-width: 226px) 100vw, 226px\" \/><\/a><\/figure>\n\n\n\n<figure class=\"wp-block-image\"><img alt=\"\" \/><\/figure>\n","protected":false},"excerpt":{"rendered":"<p>El territori metropolit\u00e0 disposa de 74 espais interiors i exteriors per refugiar-se de la calor extrema de l\u2019estiu Saps qu\u00e8 \u00e9s un refugi clim\u00e0tic? T\u2019agradaria saber quins hi ha al teu municipi? El canvi clim\u00e0tic ja \u00e9s una realitat i, encara que ja podem comen\u00e7ar a observar-ne els primers s\u00edmptomes com onades calor o sequeres [&hellip;]<\/p>\n","protected":false},"author":31,"featured_media":3595,"comment_status":"closed","ping_status":"open","sticky":false,"template":"","format":"standard","meta":{"_oasis_is_in_workflow":0,"_oasis_original":0,"ngg_post_thumbnail":0},"categories":[1],"tags":[],"_links":{"self":[{"href":"https:\/\/blogs.amb.cat\/educacioambiental\/wp-json\/wp\/v2\/posts\/3593"}],"collection":[{"href":"https:\/\/blogs.amb.cat\/educacioambiental\/wp-json\/wp\/v2\/posts"}],"about":[{"href":"https:\/\/blogs.amb.cat\/educacioambiental\/wp-json\/wp\/v2\/types\/post"}],"author":[{"embeddable":true,"href":"https:\/\/blogs.amb.cat\/educacioambiental\/wp-json\/wp\/v2\/users\/31"}],"replies":[{"embeddable":true,"href":"https:\/\/blogs.amb.cat\/educacioambiental\/wp-json\/wp\/v2\/comments?post=3593"}],"version-history":[{"count":1,"href":"https:\/\/blogs.amb.cat\/educacioambiental\/wp-json\/wp\/v2\/posts\/3593\/revisions"}],"predecessor-version":[{"id":3596,"href":"https:\/\/blogs.amb.cat\/educacioambiental\/wp-json\/wp\/v2\/posts\/3593\/revisions\/3596"}],"wp:featuredmedia":[{"embeddable":true,"href":"https:\/\/blogs.amb.cat\/educacioambiental\/wp-json\/wp\/v2\/media\/3595"}],"wp:attachment":[{"href":"https:\/\/blogs.amb.cat\/educacioambiental\/wp-json\/wp\/v2\/media?parent=3593"}],"wp:term":[{"taxonomy":"category","embeddable":true,"href":"https:\/\/blogs.amb.cat\/educacioambiental\/wp-json\/wp\/v2\/categories?post=3593"},{"taxonomy":"post_tag","embeddable":true,"href":"https:\/\/blogs.amb.cat\/educacioambiental\/wp-json\/wp\/v2\/tags?post=3593"}],"curies":[{"name":"wp","href":"https:\/\/api.w.org\/{rel}","templated":true}]}}