
 







{"id":3597,"date":"2023-06-12T11:38:00","date_gmt":"2023-06-12T11:38:00","guid":{"rendered":"https:\/\/blogs.amb.cat\/educacioambiental\/?p=3597"},"modified":"2023-06-14T07:47:20","modified_gmt":"2023-06-14T07:47:20","slug":"1-de-juny-dia-mundial-dels-esculls","status":"publish","type":"post","link":"https:\/\/blogs.amb.cat\/educacioambiental\/2023\/06\/12\/1-de-juny-dia-mundial-dels-esculls\/","title":{"rendered":"1 de juny: Dia Mundial dels Esculls"},"content":{"rendered":"\n<h3><strong>Les emissions de gasos amb efecte d\u2019hivernacle provoquen l\u2019acidificaci\u00f3 dels mars i oceans i, per tant, la desaparici\u00f3 dels esculls de corall<\/strong><\/h3>\n\n\n\n<p>El dia 1 de juny \u00e9s el Dia Mundial dels Esculls, una data que convida a reflexionar sobre les amenaces a les quals s\u2019enfronten aquests \u00e9ssers vius com s\u00f3n el canvi clim\u00e0tic i l\u2019acidificaci\u00f3 del mar.<\/p>\n\n\n\n<p>Des de la revoluci\u00f3 industrial, els \u00e9ssers humans hem cremat quantitats enormes de combustibles f\u00f2ssils, com el petroli, el carb\u00f3 i el gas natural, i s\u2019han alliberat grans quantitats de di\u00f2xid de carboni i altres gasos amb efecte d\u2019hivernacle a l\u2019atmosfera.<\/p>\n\n\n\n<p>Tot i que l\u2019efecte d\u2019hivernacle natural \u00e9s necessari per a la vida al planeta (sense aquest efecte estar\u00edem a una temperatura mitjana de -18&nbsp;C), l\u2019augment desmesurat de les emissions causades per l\u2019esp\u00e8cie humana l\u2019ha potenciat i ha fet que la temperatura mitjana global de la Terra hagi augmentat un grau i mig respecte a l\u2019\u00e8poca preindustrial.<\/p>\n\n\n\n<p>Aquesta pujada de temperatura de la Terra t\u00e9 uns efectes molt perjudicials per a la vida al planeta, com ara el desgel de les glaceres (el permagel o permafrost), que pot provocar una pujada del nivell de mar i l\u2019alteraci\u00f3 de patrons clim\u00e0tics, cosa que provoca sequeres extremes, incendis, tempestes m\u00e9s intenses, grans inundacions i onades de calor m\u00e9s freq\u00fcents i significatives, entre d\u2019altres. A m\u00e9s, aquests efectes comporten una gran p\u00e8rdua de biodiversitat, ja que moltes esp\u00e8cies no poden adaptar-se prou r\u00e0pidament als canvis en el seu entorn i acaben desapareixent.<\/p>\n\n\n\n<p>Tot aix\u00f2 desemboca en problemes en altres \u00e0rees importants com s\u00f3n la salut, l\u2019agricultura, la disponibilitat d\u2019aigua potable i la seguretat aliment\u00e0ria.<\/p>\n\n\n\n<p>Per\u00f2, sabies que aquests gasos amb efecte d\u2019hivernacle no nom\u00e9s afecten l\u2019atmosfera sin\u00f3 que tamb\u00e9 poden afectar els nostres mars?<\/p>\n\n\n\n<p>El di\u00f2xid de carboni, per exemple, en contacte amb l\u2019aigua, es dissol i es produeix una reacci\u00f3 qu\u00edmica que dona lloc a l\u2019\u00e0cid carb\u00f2nic. Aquest es dissocia en ions de bicarbonat i ions d\u2019hidrogen, la qual cosa fa baixar el pH de l\u2019aigua, de manera que la torna m\u00e9s \u00e0cida.<\/p>\n\n\n\n<p>L\u2019acidificaci\u00f3 del mar t\u00e9 un gran impacte sobre la biodiversitat, ja que pot arribar a dissoldre les closques dels mol\u00b7luscs, afectar greument les algues, que s\u00f3n la base de la cadena aliment\u00e0ria, i provocar la mort dels coralls, els quals s\u00f3n importants h\u00e0bitats de fauna marina i, a m\u00e9s, actuen de barrera contra les onades.<\/p>\n\n\n\n<p>Per aix\u00f2 \u00e9s important que en prenguem consci\u00e8ncia i que redu\u00efm les emissions.<\/p>\n\n\n\n<p>Algunes accions individuals que podem dur a terme inclouen reduir el consum d\u2019energia i aigua, utilitzar transport p\u00fablic i sostenible, reduir el consum de pl\u00e0stic i menjar una dieta m\u00e9s sostenible amb productes de proximitat i de temporada.<\/p>\n\n\n\n<p>I tu, qu\u00e8 fas per reduir la teva petjada de carboni?<\/p>\n\n\n\n<p>Si voleu saber m\u00e9s sobre l\u2019acidificaci\u00f3 del mar, us convidem a veure el <a href=\"https:\/\/www.instagram.com\/reel\/Cs8xRbaNwC-\/?utm_source=ig_web_copy_link&amp;igshid=MzRlODBiNWFlZA==\">v\u00eddeo del perfil d\u2019Instagram del Compartim un Futur<\/a> on fem un experiment que podeu fer a casa vostra per entendre millor com el di\u00f2xid de carboni acidifica l\u2019aigua.<\/p>\n","protected":false},"excerpt":{"rendered":"<p>Les emissions de gasos amb efecte d\u2019hivernacle provoquen l\u2019acidificaci\u00f3 dels mars i oceans i, per tant, la desaparici\u00f3 dels esculls de corall El dia 1 de juny \u00e9s el Dia Mundial dels Esculls, una data que convida a reflexionar sobre les amenaces a les quals s\u2019enfronten aquests \u00e9ssers vius com s\u00f3n el canvi clim\u00e0tic i [&hellip;]<\/p>\n","protected":false},"author":31,"featured_media":3598,"comment_status":"closed","ping_status":"open","sticky":false,"template":"","format":"standard","meta":{"_oasis_is_in_workflow":0,"_oasis_original":0,"ngg_post_thumbnail":0},"categories":[1],"tags":[],"_links":{"self":[{"href":"https:\/\/blogs.amb.cat\/educacioambiental\/wp-json\/wp\/v2\/posts\/3597"}],"collection":[{"href":"https:\/\/blogs.amb.cat\/educacioambiental\/wp-json\/wp\/v2\/posts"}],"about":[{"href":"https:\/\/blogs.amb.cat\/educacioambiental\/wp-json\/wp\/v2\/types\/post"}],"author":[{"embeddable":true,"href":"https:\/\/blogs.amb.cat\/educacioambiental\/wp-json\/wp\/v2\/users\/31"}],"replies":[{"embeddable":true,"href":"https:\/\/blogs.amb.cat\/educacioambiental\/wp-json\/wp\/v2\/comments?post=3597"}],"version-history":[{"count":1,"href":"https:\/\/blogs.amb.cat\/educacioambiental\/wp-json\/wp\/v2\/posts\/3597\/revisions"}],"predecessor-version":[{"id":3599,"href":"https:\/\/blogs.amb.cat\/educacioambiental\/wp-json\/wp\/v2\/posts\/3597\/revisions\/3599"}],"wp:featuredmedia":[{"embeddable":true,"href":"https:\/\/blogs.amb.cat\/educacioambiental\/wp-json\/wp\/v2\/media\/3598"}],"wp:attachment":[{"href":"https:\/\/blogs.amb.cat\/educacioambiental\/wp-json\/wp\/v2\/media?parent=3597"}],"wp:term":[{"taxonomy":"category","embeddable":true,"href":"https:\/\/blogs.amb.cat\/educacioambiental\/wp-json\/wp\/v2\/categories?post=3597"},{"taxonomy":"post_tag","embeddable":true,"href":"https:\/\/blogs.amb.cat\/educacioambiental\/wp-json\/wp\/v2\/tags?post=3597"}],"curies":[{"name":"wp","href":"https:\/\/api.w.org\/{rel}","templated":true}]}}