
 







{"id":3600,"date":"2023-06-12T11:56:00","date_gmt":"2023-06-12T11:56:00","guid":{"rendered":"https:\/\/blogs.amb.cat\/educacioambiental\/?p=3600"},"modified":"2023-06-14T11:23:40","modified_gmt":"2023-06-14T11:23:40","slug":"nova-convocatoria-de-projectes-aps-ambientals-per-al-curs-2023-2024","status":"publish","type":"post","link":"https:\/\/blogs.amb.cat\/educacioambiental\/2023\/06\/12\/nova-convocatoria-de-projectes-aps-ambientals-per-al-curs-2023-2024\/","title":{"rendered":"Nova convocat\u00f2ria de projectes ApS ambientals per al curs 2023-2024"},"content":{"rendered":"\n<h4>L\u2019AMB ofereix assessorament a un total de 20 projectes ApS ambientals guiats<\/h4>\n\n\n\n<p>A punt de finalitzar el curs 2022-2023, des del Compartim un Futur ja estem preparant el curs vinent amb molta energia! A m\u00e9s de totes les activitats i visites que oferirem i que ben aviat us presentarem, oferim assessorament per a un total de 20 projectes d\u2019aprenentatge servei als centres educatius del territori metropolit\u00e0 de Barcelona que ho sol\u00b7licitin per a diferents nivells educatius: prim\u00e0ria, ESO, batxillerat, CFGM i CFGS.<\/p>\n\n\n\n<p>El suport que ofereix l\u2019AMB consisteix en formaci\u00f3 (presencial, telem\u00e0tica o h\u00edbrida) als equips docents i a l\u2019alumnat sobre ApS, gesti\u00f3 de projectes i aspectes ambientals segons les necessitats de cadasc\u00fa. Es facilita suport i assessorament durant tot el projecte i recursos educatius i propostes d\u2019activitats complement\u00e0ries segons calgui. A m\u00e9s, els grups classe formats per persones amb NESE o els centres en els quals l\u2019alumnat de l\u2019aula SIEI faci el projecte poden disposar de m\u00e9s hores d\u2019acompanyament si ho requereixen. L\u2019AMB, a trav\u00e9s dels mitjans propis de difusi\u00f3 del Compartim un Futur, donar\u00e0 visibilitat a tots els projectes ApS ambiental que es facin al llarg del curs.<\/p>\n\n\n\n<p>Els projectes que l\u2019AMB posa a disposici\u00f3 dels centres educatius parteixen d\u2019una proposta educativa pr\u00e8via per part de l\u2019AMB que els alumnes traslladen al seu entorn proper sobretot en la concreci\u00f3 del servei i la proposta d\u2019associacions amb qui es vol col\u00b7laborar. Aquests projectes usen dossiers i activitats pr\u00e8viament definides que s\u2019hauran de complementar amb activitats i treball aut\u00f2nom per part del centre.<\/p>\n\n\n\n<p>En el cas dels projectes obligatoris per curr\u00edculum de 3r i 4t d\u2019ESO el m\u00ednim de dedicaci\u00f3 s\u00f3n 20 h (10 h d\u2019aprenentatge i 10 h de servei). El centre ha de preveure dedicar aproximadament un m\u00ednim de 10 hores de treball aut\u00f2nom, i entre 5 i 7 h de formaci\u00f3 i suport presencial o telem\u00e0tic. El format de la resta s\u2019adaptar\u00e0 en funci\u00f3 de les necessitats de cada projecte i centre. S\u2019ofereixen diversos projectes en funci\u00f3 de la tem\u00e0tica i del curs.<\/p>\n\n\n\n<p>Podeu consultar l\u2019oferta detallada al <a href=\"https:\/\/docs.amb.cat\/alfresco\/api\/-default-\/public\/alfresco\/versions\/1\/nodes\/40a400e7-affa-4ec3-8f40-166c9bfa3e59\/content\/Cat%C3%A0leg%20curs%202022%2023%20projectes%20ApS%20Compartim%20un%20Futur_AMB.pdf?attachment=false&amp;mimeType=application\/pdf&amp;sizeInBytes=3234747\" data-type=\"URL\" data-id=\"https:\/\/docs.amb.cat\/alfresco\/api\/-default-\/public\/alfresco\/versions\/1\/nodes\/40a400e7-affa-4ec3-8f40-166c9bfa3e59\/content\/Cat%C3%A0leg%20curs%202022%2023%20projectes%20ApS%20Compartim%20un%20Futur_AMB.pdf?attachment=false&amp;mimeType=application\/pdf&amp;sizeInBytes=3234747\">cat\u00e0leg de projectes d\u2019aprenentatge servei ambiental i projectes participatius<\/a> i <a href=\"https:\/\/docs.amb.cat\/alfresco\/api\/-default-\/public\/alfresco\/versions\/1\/nodes\/61507d63-b1ac-4378-957d-9103830aae86\/content\/CRITERIS%20Convocatoria%20ApS%20C1F%20curs%2023-24.pdf?attachment=false&amp;mimeType=application\/pdf&amp;sizeInBytes=689034\" data-type=\"URL\" data-id=\"https:\/\/docs.amb.cat\/alfresco\/api\/-default-\/public\/alfresco\/versions\/1\/nodes\/61507d63-b1ac-4378-957d-9103830aae86\/content\/CRITERIS%20Convocatoria%20ApS%20C1F%20curs%2023-24.pdf?attachment=false&amp;mimeType=application\/pdf&amp;sizeInBytes=689034\">els criteris per participar-hi<\/a> al web del Compartim un Futur, a m\u00e9s de la <a href=\"https:\/\/docs.amb.cat\/alfresco\/api\/-default-\/public\/alfresco\/versions\/1\/nodes\/1ce5a632-feb8-4dcd-a7c6-00ecf28751bd\/content\/TAULA%20PRESENTACIO%20PROPOSTES_ApS_Convocatoria%20curs%2022-23%20ApS_Text.pdf?attachment=false&amp;mimeType=application\/pdf&amp;sizeInBytes=140101\">taula per a la presentaci\u00f3 de candidatures<\/a>.<\/p>\n","protected":false},"excerpt":{"rendered":"<p>L\u2019AMB ofereix assessorament a un total de 20 projectes ApS ambientals guiats A punt de finalitzar el curs 2022-2023, des del Compartim un Futur ja estem preparant el curs vinent amb molta energia! A m\u00e9s de totes les activitats i visites que oferirem i que ben aviat us presentarem, oferim assessorament per a un total [&hellip;]<\/p>\n","protected":false},"author":31,"featured_media":3601,"comment_status":"closed","ping_status":"open","sticky":false,"template":"","format":"standard","meta":{"_oasis_is_in_workflow":0,"_oasis_original":0,"ngg_post_thumbnail":0},"categories":[1],"tags":[],"_links":{"self":[{"href":"https:\/\/blogs.amb.cat\/educacioambiental\/wp-json\/wp\/v2\/posts\/3600"}],"collection":[{"href":"https:\/\/blogs.amb.cat\/educacioambiental\/wp-json\/wp\/v2\/posts"}],"about":[{"href":"https:\/\/blogs.amb.cat\/educacioambiental\/wp-json\/wp\/v2\/types\/post"}],"author":[{"embeddable":true,"href":"https:\/\/blogs.amb.cat\/educacioambiental\/wp-json\/wp\/v2\/users\/31"}],"replies":[{"embeddable":true,"href":"https:\/\/blogs.amb.cat\/educacioambiental\/wp-json\/wp\/v2\/comments?post=3600"}],"version-history":[{"count":5,"href":"https:\/\/blogs.amb.cat\/educacioambiental\/wp-json\/wp\/v2\/posts\/3600\/revisions"}],"predecessor-version":[{"id":3617,"href":"https:\/\/blogs.amb.cat\/educacioambiental\/wp-json\/wp\/v2\/posts\/3600\/revisions\/3617"}],"wp:featuredmedia":[{"embeddable":true,"href":"https:\/\/blogs.amb.cat\/educacioambiental\/wp-json\/wp\/v2\/media\/3601"}],"wp:attachment":[{"href":"https:\/\/blogs.amb.cat\/educacioambiental\/wp-json\/wp\/v2\/media?parent=3600"}],"wp:term":[{"taxonomy":"category","embeddable":true,"href":"https:\/\/blogs.amb.cat\/educacioambiental\/wp-json\/wp\/v2\/categories?post=3600"},{"taxonomy":"post_tag","embeddable":true,"href":"https:\/\/blogs.amb.cat\/educacioambiental\/wp-json\/wp\/v2\/tags?post=3600"}],"curies":[{"name":"wp","href":"https:\/\/api.w.org\/{rel}","templated":true}]}}